{"id":89765,"date":"2026-04-24T19:52:00","date_gmt":"2026-04-25T00:52:00","guid":{"rendered":"https:\/\/www.uartes.edu.ec\/sitio\/?p=89765"},"modified":"2026-04-26T17:19:22","modified_gmt":"2026-04-26T22:19:22","slug":"agenda-de-la-comunidad-de-rectores-de-cedia-en-shanghai-inicio-con-ruta-estrategica-de-innovacion-y-gobernanza","status":"publish","type":"post","link":"https:\/\/www.uartes.edu.ec\/sitio\/blog\/2026\/04\/24\/agenda-de-la-comunidad-de-rectores-de-cedia-en-shanghai-inicio-con-ruta-estrategica-de-innovacion-y-gobernanza\/","title":{"rendered":"Agenda de la Comunidad de Rectores de CEDIA en Shanghai inici\u00f3 con una ruta estrat\u00e9gica de innovaci\u00f3n y gobernanza"},"content":{"rendered":"\n<p>Luego de su paso por Beijing, la delegaci\u00f3n de la Comunidad de Rectores de CEDIA inici\u00f3 su agenda en una nueva ciudad: Shangh\u00e1i, uno de los principales hubs de innovaci\u00f3n y desarrollo tecnol\u00f3gico de China. En este nuevo escenario, la jornada evidenci\u00f3 c\u00f3mo las universidades pueden proyectarse globalmente, no solo desde la formaci\u00f3n acad\u00e9mica, sino tambi\u00e9n como actores clave en ecosistemas de innovaci\u00f3n, desarrollo urbano y transformaci\u00f3n tecnol\u00f3gica.<\/p>\n\n\n\n<p>El rector de la Universidad de las Artes, doctor Saidel Brito, integra la delegaci\u00f3n y junto con las dem\u00e1s autoridades de las 23 IES ecuatorianas presentes en China inici\u00f3 la jornada con un encuentro en la Sanchai International Studies University (SISU), instituci\u00f3n referente en internacionalizaci\u00f3n acad\u00e9mica, donde se puso en valor el papel de la educaci\u00f3n superior como puente entre culturas.<\/p>\n\n\n\n<p>Con programas en 54 lenguas y m\u00e1s de 3.300 estudiantes internacionales, SISU comparti\u00f3 su experiencia en la formaci\u00f3n global y expres\u00f3 su inter\u00e9s en fortalecer la cooperaci\u00f3n con Ecuador en \u00e1reas como movilidad acad\u00e9mica, investigaci\u00f3n conjunta y programas internacionales.<\/p>\n\n\n<div class=\"wp-block-image\">\n<figure class=\"aligncenter size-large\"><img fetchpriority=\"high\" decoding=\"async\" width=\"644\" height=\"429\" src=\"https:\/\/www.uartes.edu.ec\/sitio\/wp-content\/uploads\/2026\/04\/Proyecto-Cambiar-tamano-de-imagen-2026-04-26T131923.333-644x429.jpeg\" alt=\"\" class=\"wp-image-89768\" srcset=\"https:\/\/www.uartes.edu.ec\/sitio\/wp-content\/uploads\/2026\/04\/Proyecto-Cambiar-tamano-de-imagen-2026-04-26T131923.333-644x429.jpeg 644w, https:\/\/www.uartes.edu.ec\/sitio\/wp-content\/uploads\/2026\/04\/Proyecto-Cambiar-tamano-de-imagen-2026-04-26T131923.333-300x200.jpeg 300w, https:\/\/www.uartes.edu.ec\/sitio\/wp-content\/uploads\/2026\/04\/Proyecto-Cambiar-tamano-de-imagen-2026-04-26T131923.333-768x512.jpeg 768w, https:\/\/www.uartes.edu.ec\/sitio\/wp-content\/uploads\/2026\/04\/Proyecto-Cambiar-tamano-de-imagen-2026-04-26T131923.333-1536x1024.jpeg 1536w, https:\/\/www.uartes.edu.ec\/sitio\/wp-content\/uploads\/2026\/04\/Proyecto-Cambiar-tamano-de-imagen-2026-04-26T131923.333-18x12.jpeg 18w, https:\/\/www.uartes.edu.ec\/sitio\/wp-content\/uploads\/2026\/04\/Proyecto-Cambiar-tamano-de-imagen-2026-04-26T131923.333-600x400.jpeg 600w, https:\/\/www.uartes.edu.ec\/sitio\/wp-content\/uploads\/2026\/04\/Proyecto-Cambiar-tamano-de-imagen-2026-04-26T131923.333-400x267.jpeg 400w, https:\/\/www.uartes.edu.ec\/sitio\/wp-content\/uploads\/2026\/04\/Proyecto-Cambiar-tamano-de-imagen-2026-04-26T131923.333-1320x880.jpeg 1320w, https:\/\/www.uartes.edu.ec\/sitio\/wp-content\/uploads\/2026\/04\/Proyecto-Cambiar-tamano-de-imagen-2026-04-26T131923.333.jpeg 2000w\" sizes=\"(max-width: 644px) 100vw, 644px\" \/><\/figure>\n<\/div>\n\n\n<figure class=\"wp-block-gallery aligncenter has-nested-images columns-default is-cropped wp-block-gallery-1 is-layout-flex wp-block-gallery-is-layout-flex\">\n<figure class=\"wp-block-image size-large\"><img decoding=\"async\" width=\"644\" height=\"429\" data-id=\"89767\" src=\"https:\/\/www.uartes.edu.ec\/sitio\/wp-content\/uploads\/2026\/04\/Proyecto-Cambiar-tamano-de-imagen-2026-04-26T131534.370-644x429.jpeg\" alt=\"\" class=\"wp-image-89767\" srcset=\"https:\/\/www.uartes.edu.ec\/sitio\/wp-content\/uploads\/2026\/04\/Proyecto-Cambiar-tamano-de-imagen-2026-04-26T131534.370-644x429.jpeg 644w, https:\/\/www.uartes.edu.ec\/sitio\/wp-content\/uploads\/2026\/04\/Proyecto-Cambiar-tamano-de-imagen-2026-04-26T131534.370-300x200.jpeg 300w, https:\/\/www.uartes.edu.ec\/sitio\/wp-content\/uploads\/2026\/04\/Proyecto-Cambiar-tamano-de-imagen-2026-04-26T131534.370-768x512.jpeg 768w, https:\/\/www.uartes.edu.ec\/sitio\/wp-content\/uploads\/2026\/04\/Proyecto-Cambiar-tamano-de-imagen-2026-04-26T131534.370-1536x1024.jpeg 1536w, https:\/\/www.uartes.edu.ec\/sitio\/wp-content\/uploads\/2026\/04\/Proyecto-Cambiar-tamano-de-imagen-2026-04-26T131534.370-18x12.jpeg 18w, https:\/\/www.uartes.edu.ec\/sitio\/wp-content\/uploads\/2026\/04\/Proyecto-Cambiar-tamano-de-imagen-2026-04-26T131534.370-600x400.jpeg 600w, https:\/\/www.uartes.edu.ec\/sitio\/wp-content\/uploads\/2026\/04\/Proyecto-Cambiar-tamano-de-imagen-2026-04-26T131534.370-400x267.jpeg 400w, https:\/\/www.uartes.edu.ec\/sitio\/wp-content\/uploads\/2026\/04\/Proyecto-Cambiar-tamano-de-imagen-2026-04-26T131534.370-1320x880.jpeg 1320w, https:\/\/www.uartes.edu.ec\/sitio\/wp-content\/uploads\/2026\/04\/Proyecto-Cambiar-tamano-de-imagen-2026-04-26T131534.370.jpeg 2000w\" sizes=\"(max-width: 644px) 100vw, 644px\" \/><\/figure>\n\n\n\n<figure class=\"wp-block-image size-large\"><img decoding=\"async\" width=\"644\" height=\"429\" data-id=\"89770\" src=\"https:\/\/www.uartes.edu.ec\/sitio\/wp-content\/uploads\/2026\/04\/Proyecto-Cambiar-tamano-de-imagen-2026-04-26T131630.440-644x429.jpeg\" alt=\"\" class=\"wp-image-89770\" srcset=\"https:\/\/www.uartes.edu.ec\/sitio\/wp-content\/uploads\/2026\/04\/Proyecto-Cambiar-tamano-de-imagen-2026-04-26T131630.440-644x429.jpeg 644w, https:\/\/www.uartes.edu.ec\/sitio\/wp-content\/uploads\/2026\/04\/Proyecto-Cambiar-tamano-de-imagen-2026-04-26T131630.440-300x200.jpeg 300w, https:\/\/www.uartes.edu.ec\/sitio\/wp-content\/uploads\/2026\/04\/Proyecto-Cambiar-tamano-de-imagen-2026-04-26T131630.440-768x512.jpeg 768w, https:\/\/www.uartes.edu.ec\/sitio\/wp-content\/uploads\/2026\/04\/Proyecto-Cambiar-tamano-de-imagen-2026-04-26T131630.440-1536x1024.jpeg 1536w, https:\/\/www.uartes.edu.ec\/sitio\/wp-content\/uploads\/2026\/04\/Proyecto-Cambiar-tamano-de-imagen-2026-04-26T131630.440-18x12.jpeg 18w, https:\/\/www.uartes.edu.ec\/sitio\/wp-content\/uploads\/2026\/04\/Proyecto-Cambiar-tamano-de-imagen-2026-04-26T131630.440-600x400.jpeg 600w, https:\/\/www.uartes.edu.ec\/sitio\/wp-content\/uploads\/2026\/04\/Proyecto-Cambiar-tamano-de-imagen-2026-04-26T131630.440-400x267.jpeg 400w, https:\/\/www.uartes.edu.ec\/sitio\/wp-content\/uploads\/2026\/04\/Proyecto-Cambiar-tamano-de-imagen-2026-04-26T131630.440-1320x880.jpeg 1320w, https:\/\/www.uartes.edu.ec\/sitio\/wp-content\/uploads\/2026\/04\/Proyecto-Cambiar-tamano-de-imagen-2026-04-26T131630.440.jpeg 2000w\" sizes=\"(max-width: 644px) 100vw, 644px\" \/><\/figure>\n<\/figure>\n\n\n\n<p><\/p>\n\n\n\n<p>En este espacio, la presidenta de CEDIA y rectora de Espol, Cecilia Paredes, destac\u00f3 que la innovaci\u00f3n y el conocimiento trascienden fronteras, y subray\u00f3 el potencial del Ecuador como socio acad\u00e9mico estrat\u00e9gico. Asimismo, enfatiz\u00f3 la importancia de avanzar en iniciativas concretas de movilidad estudiantil y docente, programas conjuntos y el fortalecimiento de la ense\u00f1anza del idioma chino, posicionando al intercambio acad\u00e9mico como un eje fundamental para la cooperaci\u00f3n entre naciones.<\/p>\n\n\n\n<p>Por su parte, la rectora de la Universidad T\u00e9cnica de Ambato, Sara Camacho, resalt\u00f3 que el aprendizaje de un idioma implica comprender la cultura en su contexto, destacando el valor de los intercambios acad\u00e9micos como herramienta para fortalecer el entendimiento intercultural.<\/p>\n\n\n\n<p>M\u00e1s all\u00e1 del intercambio institucional, la jornada permiti\u00f3 comprender el modelo chino de educaci\u00f3n superior, caracterizado por su crecimiento sostenido, la inversi\u00f3n estrat\u00e9gica del Estado y su estrecha articulaci\u00f3n con el sector productivo, elementos clave para su posicionamiento global.<\/p>\n\n\n\n<p>En continuidad con esta visi\u00f3n, la delegaci\u00f3n visit\u00f3 Tongji University, donde se present\u00f3 un modelo de ciudades inteligentes basado en una concepci\u00f3n integral del desarrollo urbano. Este enfoque articula espacio f\u00edsico y digital mediante el uso de datos e inteligencia artificial, y concibe la ciudad como un sistema interconectado, adaptativo y centrado en las personas.<\/p>\n\n\n<div class=\"wp-block-image\">\n<figure class=\"aligncenter size-large\"><img loading=\"lazy\" decoding=\"async\" width=\"644\" height=\"429\" src=\"https:\/\/www.uartes.edu.ec\/sitio\/wp-content\/uploads\/2026\/04\/Proyecto-Cambiar-tamano-de-imagen-2026-04-26T132132.511-644x429.jpeg\" alt=\"\" class=\"wp-image-89771\" srcset=\"https:\/\/www.uartes.edu.ec\/sitio\/wp-content\/uploads\/2026\/04\/Proyecto-Cambiar-tamano-de-imagen-2026-04-26T132132.511-644x429.jpeg 644w, https:\/\/www.uartes.edu.ec\/sitio\/wp-content\/uploads\/2026\/04\/Proyecto-Cambiar-tamano-de-imagen-2026-04-26T132132.511-300x200.jpeg 300w, https:\/\/www.uartes.edu.ec\/sitio\/wp-content\/uploads\/2026\/04\/Proyecto-Cambiar-tamano-de-imagen-2026-04-26T132132.511-768x512.jpeg 768w, https:\/\/www.uartes.edu.ec\/sitio\/wp-content\/uploads\/2026\/04\/Proyecto-Cambiar-tamano-de-imagen-2026-04-26T132132.511-1536x1024.jpeg 1536w, https:\/\/www.uartes.edu.ec\/sitio\/wp-content\/uploads\/2026\/04\/Proyecto-Cambiar-tamano-de-imagen-2026-04-26T132132.511-18x12.jpeg 18w, https:\/\/www.uartes.edu.ec\/sitio\/wp-content\/uploads\/2026\/04\/Proyecto-Cambiar-tamano-de-imagen-2026-04-26T132132.511-600x400.jpeg 600w, https:\/\/www.uartes.edu.ec\/sitio\/wp-content\/uploads\/2026\/04\/Proyecto-Cambiar-tamano-de-imagen-2026-04-26T132132.511-400x267.jpeg 400w, https:\/\/www.uartes.edu.ec\/sitio\/wp-content\/uploads\/2026\/04\/Proyecto-Cambiar-tamano-de-imagen-2026-04-26T132132.511-1320x880.jpeg 1320w, https:\/\/www.uartes.edu.ec\/sitio\/wp-content\/uploads\/2026\/04\/Proyecto-Cambiar-tamano-de-imagen-2026-04-26T132132.511.jpeg 2000w\" sizes=\"(max-width: 644px) 100vw, 644px\" \/><\/figure>\n<\/div>\n\n\n<p>El modelo, estructurado en diferentes escalas: desde la habitaci\u00f3n hasta la ciudad y su entorno natural, plantea una intervenci\u00f3n coordinada que optimiza servicios, infraestructura y calidad de vida. A su vez, integra tres dimensiones clave: la sostenibilidad ambiental como base (Nature), los ecosistemas de innovaci\u00f3n y la articulaci\u00f3n universidad\u2013empresa (Culture), y el uso de tecnolog\u00edas avanzadas como big data e inteligencia artificial para el desarrollo de soluciones (Future).<\/p>\n\n\n\n<p>Esta aproximaci\u00f3n introduce una visi\u00f3n innovadora para el contexto ecuatoriano, al proponer un desarrollo urbano no fragmentado que conecta tecnolog\u00eda, sostenibilidad y bienestar social. Asimismo, refuerza el rol de las universidades como generadoras de conocimiento y articuladoras con el sector productivo, abriendo oportunidades en \u00e1reas como movilidad, energ\u00eda, servicios p\u00fablicos y emprendimiento basado en datos, al tiempo que plantea desaf\u00edos en gobernanza, formaci\u00f3n de talento digital y cooperaci\u00f3n internacional.<\/p>\n\n\n\n<p>En contraste y evoluci\u00f3n hacia la aplicaci\u00f3n pr\u00e1ctica de estos modelos, la agenda avanz\u00f3 hacia el ecosistema de innovaci\u00f3n con la visita a NeoBay Innovation Hub, un espacio que ejemplifica c\u00f3mo el conocimiento acad\u00e9mico se transforma en soluciones concretas. Vinculado a la Shanghai Jiao Tong University, este hub articula universidad, empresa e inversi\u00f3n para impulsar startups y desarrollos tecnol\u00f3gicos en sectores como inteligencia artificial, rob\u00f3tica y biotecnolog\u00eda.<\/p>\n\n\n\n<p>A trav\u00e9s de un modelo basado en ciclos continuos que integran investigaci\u00f3n, prototipado y desarrollo de producto, NeoBay permite acelerar la transferencia de conocimiento hacia el mercado, consolid\u00e1ndose como un referente en la conexi\u00f3n entre academia e industria. En este entorno, la innovaci\u00f3n se presenta como un proceso estructurado, orientado a generar impacto real.<\/p>\n\n\n<div class=\"wp-block-image\">\n<figure class=\"aligncenter size-large\"><img loading=\"lazy\" decoding=\"async\" width=\"644\" height=\"429\" src=\"https:\/\/www.uartes.edu.ec\/sitio\/wp-content\/uploads\/2026\/04\/Proyecto-Cambiar-tamano-de-imagen-2026-04-26T132225.846-644x429.jpeg\" alt=\"\" class=\"wp-image-89772\" srcset=\"https:\/\/www.uartes.edu.ec\/sitio\/wp-content\/uploads\/2026\/04\/Proyecto-Cambiar-tamano-de-imagen-2026-04-26T132225.846-644x429.jpeg 644w, https:\/\/www.uartes.edu.ec\/sitio\/wp-content\/uploads\/2026\/04\/Proyecto-Cambiar-tamano-de-imagen-2026-04-26T132225.846-300x200.jpeg 300w, https:\/\/www.uartes.edu.ec\/sitio\/wp-content\/uploads\/2026\/04\/Proyecto-Cambiar-tamano-de-imagen-2026-04-26T132225.846-768x512.jpeg 768w, https:\/\/www.uartes.edu.ec\/sitio\/wp-content\/uploads\/2026\/04\/Proyecto-Cambiar-tamano-de-imagen-2026-04-26T132225.846-1536x1024.jpeg 1536w, https:\/\/www.uartes.edu.ec\/sitio\/wp-content\/uploads\/2026\/04\/Proyecto-Cambiar-tamano-de-imagen-2026-04-26T132225.846-18x12.jpeg 18w, https:\/\/www.uartes.edu.ec\/sitio\/wp-content\/uploads\/2026\/04\/Proyecto-Cambiar-tamano-de-imagen-2026-04-26T132225.846-600x400.jpeg 600w, https:\/\/www.uartes.edu.ec\/sitio\/wp-content\/uploads\/2026\/04\/Proyecto-Cambiar-tamano-de-imagen-2026-04-26T132225.846-400x267.jpeg 400w, https:\/\/www.uartes.edu.ec\/sitio\/wp-content\/uploads\/2026\/04\/Proyecto-Cambiar-tamano-de-imagen-2026-04-26T132225.846-1320x880.jpeg 1320w, https:\/\/www.uartes.edu.ec\/sitio\/wp-content\/uploads\/2026\/04\/Proyecto-Cambiar-tamano-de-imagen-2026-04-26T132225.846.jpeg 2000w\" sizes=\"(max-width: 644px) 100vw, 644px\" \/><\/figure>\n<\/div>\n\n\n<p>Durante la jornada de la tarde, en el NeoBay Innovation Park y el China Low Carbon Institute, se profundiz\u00f3 en estos enfoques, destacando una concepci\u00f3n del emprendimiento centrada en la resoluci\u00f3n de problemas sociales y en la generaci\u00f3n de valor para las personas y sus comunidades, m\u00e1s all\u00e1 de una l\u00f3gica exclusivamente econ\u00f3mica.<\/p>\n\n\n\n<p>En este espacio, adem\u00e1s, la delegaci\u00f3n fue recibida por estudiantes ecuatorianos que forman parte de la red REDICEC y que actualmente cursan programas de maestr\u00eda y doctorado. Sus testimonios evidencian el impacto de la movilidad internacional en la formaci\u00f3n de talento altamente especializado y en la construcci\u00f3n de puentes sostenidos entre Ecuador y China.<\/p>\n\n\n\n<p>La jornada concluy\u00f3 reafirmando el valor de construir una agenda internacional que no solo promueva el intercambio acad\u00e9mico, sino que permita a las universidades ecuatorianas integrarse activamente en redes globales de conocimiento, innovaci\u00f3n y desarrollo. Desde CEDIA, este proceso se consolida como una estrategia para articular capacidades, fortalecer alianzas y proyectar al Ecuador como un actor relevante dentro del ecosistema internacional de educaci\u00f3n superior.<\/p>\n\n\n\n<p>Texto y fotos: CEDIA (Corporaci\u00f3n Ecuatoriana para el Desarrollo de la Investigaci\u00f3n y la Academia). Edici\u00f3n: Carmen Cortez\/Dircom.<\/p>\n\n\n\n<p><\/p>\n","protected":false},"excerpt":{"rendered":"<p>Luego de su paso por Beijing, la delegaci\u00f3n de la Comunidad de Rectores de CEDIA inici\u00f3 su agenda en Shangh\u00e1i, uno de los principales hubs de innovaci\u00f3n y desarrollo tecnol\u00f3gico de China. En este nuevo escenario, la jornada evidenci\u00f3 c\u00f3mo las universidades pueden proyectarse globalmente. Sanchai International Studies University (SISU), Tongji University y NeoBay Innovation Hub fueron algunos de los puntos recorridos.<\/p>\n","protected":false},"author":10,"featured_media":89766,"comment_status":"open","ping_status":"open","sticky":false,"template":"","format":"standard","meta":{"_acf_changed":false,"_uag_custom_page_level_css":"","_monsterinsights_skip_tracking":false,"_monsterinsights_sitenote_active":false,"_monsterinsights_sitenote_note":"","_monsterinsights_sitenote_category":0,"cybocfi_hide_featured_image":"","footnotes":""},"categories":[1],"tags":[],"infouartes":[],"class_list":["post-89765","post","type-post","status-publish","format-standard","has-post-thumbnail","hentry","category-sin-categoria"],"acf":[],"yoast_head":"<!-- This site is optimized with the Yoast SEO plugin v27.4 - https:\/\/yoast.com\/product\/yoast-seo-wordpress\/ -->\n<title>Universidad de las Artes - Agenda de la Comunidad de Rectores de CEDIA en Shanghai inici\u00f3 con una ruta estrat\u00e9gica de innovaci\u00f3n y gobernanza<\/title>\n<meta name=\"description\" content=\"Universidad de las Artes - Agenda de la Comunidad de Rectores de CEDIA en Shanghai inici\u00f3 con una ruta estrat\u00e9gica de innovaci\u00f3n y gobernanza\" \/>\n<meta name=\"robots\" content=\"index, follow, max-snippet:-1, max-image-preview:large, max-video-preview:-1\" \/>\n<link rel=\"canonical\" href=\"https:\/\/www.uartes.edu.ec\/sitio\/blog\/2026\/04\/24\/agenda-de-la-comunidad-de-rectores-de-cedia-en-shanghai-inicio-con-ruta-estrategica-de-innovacion-y-gobernanza\/\" \/>\n<meta property=\"og:locale\" content=\"es_ES\" \/>\n<meta property=\"og:type\" content=\"article\" \/>\n<meta property=\"og:title\" content=\"Universidad de las Artes - Agenda de la Comunidad de Rectores de CEDIA en Shanghai inici\u00f3 con una ruta estrat\u00e9gica de innovaci\u00f3n y gobernanza\" \/>\n<meta property=\"og:description\" content=\"Universidad de las Artes - Agenda de la Comunidad de Rectores de CEDIA en Shanghai inici\u00f3 con una ruta estrat\u00e9gica de innovaci\u00f3n y gobernanza\" \/>\n<meta property=\"og:url\" content=\"https:\/\/www.uartes.edu.ec\/sitio\/blog\/2026\/04\/24\/agenda-de-la-comunidad-de-rectores-de-cedia-en-shanghai-inicio-con-ruta-estrategica-de-innovacion-y-gobernanza\/\" \/>\n<meta property=\"og:site_name\" content=\"Universidad de las Artes\" \/>\n<meta property=\"article:publisher\" content=\"https:\/\/www.facebook.com\/uartesec\" \/>\n<meta property=\"article:published_time\" content=\"2026-04-25T00:52:00+00:00\" \/>\n<meta property=\"article:modified_time\" content=\"2026-04-26T22:19:22+00:00\" \/>\n<meta property=\"og:image\" content=\"https:\/\/www.uartes.edu.ec\/sitio\/wp-content\/uploads\/2026\/04\/Proyecto-Cambiar-tamano-de-imagen-2026-04-26T132025.199.jpeg\" \/>\n\t<meta property=\"og:image:width\" content=\"2000\" \/>\n\t<meta property=\"og:image:height\" content=\"1333\" \/>\n\t<meta property=\"og:image:type\" content=\"image\/jpeg\" \/>\n<meta name=\"author\" content=\"ccortez\" \/>\n<meta name=\"twitter:card\" content=\"summary_large_image\" \/>\n<meta name=\"twitter:creator\" content=\"@uartesec\" \/>\n<meta name=\"twitter:site\" content=\"@uartesec\" \/>\n<meta name=\"twitter:label1\" content=\"Escrito por\" \/>\n\t<meta name=\"twitter:data1\" content=\"ccortez\" \/>\n\t<meta name=\"twitter:label2\" content=\"Tiempo de lectura\" \/>\n\t<meta name=\"twitter:data2\" content=\"5 minutos\" \/>\n<script type=\"application\/ld+json\" class=\"yoast-schema-graph\">{\"@context\":\"https:\\\/\\\/schema.org\",\"@graph\":[{\"@type\":\"Article\",\"@id\":\"https:\\\/\\\/www.uartes.edu.ec\\\/sitio\\\/blog\\\/2026\\\/04\\\/24\\\/agenda-de-la-comunidad-de-rectores-de-cedia-en-shanghai-inicio-con-ruta-estrategica-de-innovacion-y-gobernanza\\\/#article\",\"isPartOf\":{\"@id\":\"https:\\\/\\\/www.uartes.edu.ec\\\/sitio\\\/blog\\\/2026\\\/04\\\/24\\\/agenda-de-la-comunidad-de-rectores-de-cedia-en-shanghai-inicio-con-ruta-estrategica-de-innovacion-y-gobernanza\\\/\"},\"author\":{\"name\":\"ccortez\",\"@id\":\"https:\\\/\\\/www.uartes.edu.ec\\\/sitio\\\/#\\\/schema\\\/person\\\/efa1b8275797664fd7f13a79ccc0b1f4\"},\"headline\":\"Agenda de la Comunidad de Rectores de CEDIA en Shanghai inici\u00f3 con una ruta estrat\u00e9gica de innovaci\u00f3n y gobernanza\",\"datePublished\":\"2026-04-25T00:52:00+00:00\",\"dateModified\":\"2026-04-26T22:19:22+00:00\",\"mainEntityOfPage\":{\"@id\":\"https:\\\/\\\/www.uartes.edu.ec\\\/sitio\\\/blog\\\/2026\\\/04\\\/24\\\/agenda-de-la-comunidad-de-rectores-de-cedia-en-shanghai-inicio-con-ruta-estrategica-de-innovacion-y-gobernanza\\\/\"},\"wordCount\":925,\"commentCount\":0,\"publisher\":{\"@id\":\"https:\\\/\\\/www.uartes.edu.ec\\\/sitio\\\/#organization\"},\"image\":{\"@id\":\"https:\\\/\\\/www.uartes.edu.ec\\\/sitio\\\/blog\\\/2026\\\/04\\\/24\\\/agenda-de-la-comunidad-de-rectores-de-cedia-en-shanghai-inicio-con-ruta-estrategica-de-innovacion-y-gobernanza\\\/#primaryimage\"},\"thumbnailUrl\":\"https:\\\/\\\/www.uartes.edu.ec\\\/sitio\\\/wp-content\\\/uploads\\\/2026\\\/04\\\/Proyecto-Cambiar-tamano-de-imagen-2026-04-26T132025.199.jpeg\",\"inLanguage\":\"es\",\"potentialAction\":[{\"@type\":\"CommentAction\",\"name\":\"Comment\",\"target\":[\"https:\\\/\\\/www.uartes.edu.ec\\\/sitio\\\/blog\\\/2026\\\/04\\\/24\\\/agenda-de-la-comunidad-de-rectores-de-cedia-en-shanghai-inicio-con-ruta-estrategica-de-innovacion-y-gobernanza\\\/#respond\"]}]},{\"@type\":[\"WebPage\",\"ItemPage\"],\"@id\":\"https:\\\/\\\/www.uartes.edu.ec\\\/sitio\\\/blog\\\/2026\\\/04\\\/24\\\/agenda-de-la-comunidad-de-rectores-de-cedia-en-shanghai-inicio-con-ruta-estrategica-de-innovacion-y-gobernanza\\\/\",\"url\":\"https:\\\/\\\/www.uartes.edu.ec\\\/sitio\\\/blog\\\/2026\\\/04\\\/24\\\/agenda-de-la-comunidad-de-rectores-de-cedia-en-shanghai-inicio-con-ruta-estrategica-de-innovacion-y-gobernanza\\\/\",\"name\":\"Universidad de las Artes - Agenda de la Comunidad de Rectores de CEDIA en Shanghai inici\u00f3 con una ruta estrat\u00e9gica de innovaci\u00f3n y gobernanza\",\"isPartOf\":{\"@id\":\"https:\\\/\\\/www.uartes.edu.ec\\\/sitio\\\/#website\"},\"primaryImageOfPage\":{\"@id\":\"https:\\\/\\\/www.uartes.edu.ec\\\/sitio\\\/blog\\\/2026\\\/04\\\/24\\\/agenda-de-la-comunidad-de-rectores-de-cedia-en-shanghai-inicio-con-ruta-estrategica-de-innovacion-y-gobernanza\\\/#primaryimage\"},\"image\":{\"@id\":\"https:\\\/\\\/www.uartes.edu.ec\\\/sitio\\\/blog\\\/2026\\\/04\\\/24\\\/agenda-de-la-comunidad-de-rectores-de-cedia-en-shanghai-inicio-con-ruta-estrategica-de-innovacion-y-gobernanza\\\/#primaryimage\"},\"thumbnailUrl\":\"https:\\\/\\\/www.uartes.edu.ec\\\/sitio\\\/wp-content\\\/uploads\\\/2026\\\/04\\\/Proyecto-Cambiar-tamano-de-imagen-2026-04-26T132025.199.jpeg\",\"datePublished\":\"2026-04-25T00:52:00+00:00\",\"dateModified\":\"2026-04-26T22:19:22+00:00\",\"description\":\"Universidad de las Artes - Agenda de la Comunidad de Rectores de CEDIA en Shanghai inici\u00f3 con una ruta estrat\u00e9gica de innovaci\u00f3n y gobernanza\",\"breadcrumb\":{\"@id\":\"https:\\\/\\\/www.uartes.edu.ec\\\/sitio\\\/blog\\\/2026\\\/04\\\/24\\\/agenda-de-la-comunidad-de-rectores-de-cedia-en-shanghai-inicio-con-ruta-estrategica-de-innovacion-y-gobernanza\\\/#breadcrumb\"},\"inLanguage\":\"es\",\"potentialAction\":[{\"@type\":\"ReadAction\",\"target\":[\"https:\\\/\\\/www.uartes.edu.ec\\\/sitio\\\/blog\\\/2026\\\/04\\\/24\\\/agenda-de-la-comunidad-de-rectores-de-cedia-en-shanghai-inicio-con-ruta-estrategica-de-innovacion-y-gobernanza\\\/\"]}]},{\"@type\":\"ImageObject\",\"inLanguage\":\"es\",\"@id\":\"https:\\\/\\\/www.uartes.edu.ec\\\/sitio\\\/blog\\\/2026\\\/04\\\/24\\\/agenda-de-la-comunidad-de-rectores-de-cedia-en-shanghai-inicio-con-ruta-estrategica-de-innovacion-y-gobernanza\\\/#primaryimage\",\"url\":\"https:\\\/\\\/www.uartes.edu.ec\\\/sitio\\\/wp-content\\\/uploads\\\/2026\\\/04\\\/Proyecto-Cambiar-tamano-de-imagen-2026-04-26T132025.199.jpeg\",\"contentUrl\":\"https:\\\/\\\/www.uartes.edu.ec\\\/sitio\\\/wp-content\\\/uploads\\\/2026\\\/04\\\/Proyecto-Cambiar-tamano-de-imagen-2026-04-26T132025.199.jpeg\",\"width\":2000,\"height\":1333},{\"@type\":\"BreadcrumbList\",\"@id\":\"https:\\\/\\\/www.uartes.edu.ec\\\/sitio\\\/blog\\\/2026\\\/04\\\/24\\\/agenda-de-la-comunidad-de-rectores-de-cedia-en-shanghai-inicio-con-ruta-estrategica-de-innovacion-y-gobernanza\\\/#breadcrumb\",\"itemListElement\":[{\"@type\":\"ListItem\",\"position\":1,\"name\":\"Inicio\",\"item\":\"https:\\\/\\\/www.uartes.edu.ec\\\/sitio\\\/\"},{\"@type\":\"ListItem\",\"position\":2,\"name\":\"Agenda de la Comunidad de Rectores de CEDIA en Shanghai inici\u00f3 con una ruta estrat\u00e9gica de innovaci\u00f3n y gobernanza\"}]},{\"@type\":\"WebSite\",\"@id\":\"https:\\\/\\\/www.uartes.edu.ec\\\/sitio\\\/#website\",\"url\":\"https:\\\/\\\/www.uartes.edu.ec\\\/sitio\\\/\",\"name\":\"Universidad de las Artes\",\"description\":\"Sitio oficial de la Universidad Nacional de las Artes del Ecuador\",\"publisher\":{\"@id\":\"https:\\\/\\\/www.uartes.edu.ec\\\/sitio\\\/#organization\"},\"potentialAction\":[{\"@type\":\"SearchAction\",\"target\":{\"@type\":\"EntryPoint\",\"urlTemplate\":\"https:\\\/\\\/www.uartes.edu.ec\\\/sitio\\\/?s={search_term_string}\"},\"query-input\":{\"@type\":\"PropertyValueSpecification\",\"valueRequired\":true,\"valueName\":\"search_term_string\"}}],\"inLanguage\":\"es\"},{\"@type\":\"Organization\",\"@id\":\"https:\\\/\\\/www.uartes.edu.ec\\\/sitio\\\/#organization\",\"name\":\"Universidad de las Artes\",\"url\":\"https:\\\/\\\/www.uartes.edu.ec\\\/sitio\\\/\",\"logo\":{\"@type\":\"ImageObject\",\"inLanguage\":\"es\",\"@id\":\"https:\\\/\\\/www.uartes.edu.ec\\\/sitio\\\/#\\\/schema\\\/logo\\\/image\\\/\",\"url\":\"https:\\\/\\\/www.uartes.edu.ec\\\/sitio\\\/wp-content\\\/uploads\\\/2022\\\/07\\\/logo-ua-horizontal.png\",\"contentUrl\":\"https:\\\/\\\/www.uartes.edu.ec\\\/sitio\\\/wp-content\\\/uploads\\\/2022\\\/07\\\/logo-ua-horizontal.png\",\"width\":800,\"height\":276,\"caption\":\"Universidad de las Artes\"},\"image\":{\"@id\":\"https:\\\/\\\/www.uartes.edu.ec\\\/sitio\\\/#\\\/schema\\\/logo\\\/image\\\/\"},\"sameAs\":[\"https:\\\/\\\/www.facebook.com\\\/uartesec\",\"https:\\\/\\\/x.com\\\/uartesec\",\"https:\\\/\\\/www.tiktok.com\\\/@uartesec\"]},{\"@type\":\"Person\",\"@id\":\"https:\\\/\\\/www.uartes.edu.ec\\\/sitio\\\/#\\\/schema\\\/person\\\/efa1b8275797664fd7f13a79ccc0b1f4\",\"name\":\"ccortez\",\"image\":{\"@type\":\"ImageObject\",\"inLanguage\":\"es\",\"@id\":\"https:\\\/\\\/secure.gravatar.com\\\/avatar\\\/b2a6f664a3ae8e074346ef91775736c5ec479e637ecced6842de9dc98b5da9cd?s=96&d=mm&r=g\",\"url\":\"https:\\\/\\\/secure.gravatar.com\\\/avatar\\\/b2a6f664a3ae8e074346ef91775736c5ec479e637ecced6842de9dc98b5da9cd?s=96&d=mm&r=g\",\"contentUrl\":\"https:\\\/\\\/secure.gravatar.com\\\/avatar\\\/b2a6f664a3ae8e074346ef91775736c5ec479e637ecced6842de9dc98b5da9cd?s=96&d=mm&r=g\",\"caption\":\"ccortez\"},\"url\":\"https:\\\/\\\/www.uartes.edu.ec\\\/sitio\\\/blog\\\/author\\\/ccortez\\\/\"}]}<\/script>\n<!-- \/ Yoast SEO plugin. -->","yoast_head_json":{"title":"Universidad de las Artes - Agenda de la Comunidad de Rectores de CEDIA en Shanghai inici\u00f3 con una ruta estrat\u00e9gica de innovaci\u00f3n y gobernanza","description":"Universidad de las Artes - Agenda de la Comunidad de Rectores de CEDIA en Shanghai inici\u00f3 con una ruta estrat\u00e9gica de innovaci\u00f3n y gobernanza","robots":{"index":"index","follow":"follow","max-snippet":"max-snippet:-1","max-image-preview":"max-image-preview:large","max-video-preview":"max-video-preview:-1"},"canonical":"https:\/\/www.uartes.edu.ec\/sitio\/blog\/2026\/04\/24\/agenda-de-la-comunidad-de-rectores-de-cedia-en-shanghai-inicio-con-ruta-estrategica-de-innovacion-y-gobernanza\/","og_locale":"es_ES","og_type":"article","og_title":"Universidad de las Artes - Agenda de la Comunidad de Rectores de CEDIA en Shanghai inici\u00f3 con una ruta estrat\u00e9gica de innovaci\u00f3n y gobernanza","og_description":"Universidad de las Artes - Agenda de la Comunidad de Rectores de CEDIA en Shanghai inici\u00f3 con una ruta estrat\u00e9gica de innovaci\u00f3n y gobernanza","og_url":"https:\/\/www.uartes.edu.ec\/sitio\/blog\/2026\/04\/24\/agenda-de-la-comunidad-de-rectores-de-cedia-en-shanghai-inicio-con-ruta-estrategica-de-innovacion-y-gobernanza\/","og_site_name":"Universidad de las Artes","article_publisher":"https:\/\/www.facebook.com\/uartesec","article_published_time":"2026-04-25T00:52:00+00:00","article_modified_time":"2026-04-26T22:19:22+00:00","og_image":[{"width":2000,"height":1333,"url":"https:\/\/www.uartes.edu.ec\/sitio\/wp-content\/uploads\/2026\/04\/Proyecto-Cambiar-tamano-de-imagen-2026-04-26T132025.199.jpeg","type":"image\/jpeg"}],"author":"ccortez","twitter_card":"summary_large_image","twitter_creator":"@uartesec","twitter_site":"@uartesec","twitter_misc":{"Escrito por":"ccortez","Tiempo de lectura":"5 minutos"},"schema":{"@context":"https:\/\/schema.org","@graph":[{"@type":"Article","@id":"https:\/\/www.uartes.edu.ec\/sitio\/blog\/2026\/04\/24\/agenda-de-la-comunidad-de-rectores-de-cedia-en-shanghai-inicio-con-ruta-estrategica-de-innovacion-y-gobernanza\/#article","isPartOf":{"@id":"https:\/\/www.uartes.edu.ec\/sitio\/blog\/2026\/04\/24\/agenda-de-la-comunidad-de-rectores-de-cedia-en-shanghai-inicio-con-ruta-estrategica-de-innovacion-y-gobernanza\/"},"author":{"name":"ccortez","@id":"https:\/\/www.uartes.edu.ec\/sitio\/#\/schema\/person\/efa1b8275797664fd7f13a79ccc0b1f4"},"headline":"Agenda de la Comunidad de Rectores de CEDIA en Shanghai inici\u00f3 con una ruta estrat\u00e9gica de innovaci\u00f3n y gobernanza","datePublished":"2026-04-25T00:52:00+00:00","dateModified":"2026-04-26T22:19:22+00:00","mainEntityOfPage":{"@id":"https:\/\/www.uartes.edu.ec\/sitio\/blog\/2026\/04\/24\/agenda-de-la-comunidad-de-rectores-de-cedia-en-shanghai-inicio-con-ruta-estrategica-de-innovacion-y-gobernanza\/"},"wordCount":925,"commentCount":0,"publisher":{"@id":"https:\/\/www.uartes.edu.ec\/sitio\/#organization"},"image":{"@id":"https:\/\/www.uartes.edu.ec\/sitio\/blog\/2026\/04\/24\/agenda-de-la-comunidad-de-rectores-de-cedia-en-shanghai-inicio-con-ruta-estrategica-de-innovacion-y-gobernanza\/#primaryimage"},"thumbnailUrl":"https:\/\/www.uartes.edu.ec\/sitio\/wp-content\/uploads\/2026\/04\/Proyecto-Cambiar-tamano-de-imagen-2026-04-26T132025.199.jpeg","inLanguage":"es","potentialAction":[{"@type":"CommentAction","name":"Comment","target":["https:\/\/www.uartes.edu.ec\/sitio\/blog\/2026\/04\/24\/agenda-de-la-comunidad-de-rectores-de-cedia-en-shanghai-inicio-con-ruta-estrategica-de-innovacion-y-gobernanza\/#respond"]}]},{"@type":["WebPage","ItemPage"],"@id":"https:\/\/www.uartes.edu.ec\/sitio\/blog\/2026\/04\/24\/agenda-de-la-comunidad-de-rectores-de-cedia-en-shanghai-inicio-con-ruta-estrategica-de-innovacion-y-gobernanza\/","url":"https:\/\/www.uartes.edu.ec\/sitio\/blog\/2026\/04\/24\/agenda-de-la-comunidad-de-rectores-de-cedia-en-shanghai-inicio-con-ruta-estrategica-de-innovacion-y-gobernanza\/","name":"Universidad de las Artes - Agenda de la Comunidad de Rectores de CEDIA en Shanghai inici\u00f3 con una ruta estrat\u00e9gica de innovaci\u00f3n y gobernanza","isPartOf":{"@id":"https:\/\/www.uartes.edu.ec\/sitio\/#website"},"primaryImageOfPage":{"@id":"https:\/\/www.uartes.edu.ec\/sitio\/blog\/2026\/04\/24\/agenda-de-la-comunidad-de-rectores-de-cedia-en-shanghai-inicio-con-ruta-estrategica-de-innovacion-y-gobernanza\/#primaryimage"},"image":{"@id":"https:\/\/www.uartes.edu.ec\/sitio\/blog\/2026\/04\/24\/agenda-de-la-comunidad-de-rectores-de-cedia-en-shanghai-inicio-con-ruta-estrategica-de-innovacion-y-gobernanza\/#primaryimage"},"thumbnailUrl":"https:\/\/www.uartes.edu.ec\/sitio\/wp-content\/uploads\/2026\/04\/Proyecto-Cambiar-tamano-de-imagen-2026-04-26T132025.199.jpeg","datePublished":"2026-04-25T00:52:00+00:00","dateModified":"2026-04-26T22:19:22+00:00","description":"Universidad de las Artes - Agenda de la Comunidad de Rectores de CEDIA en Shanghai inici\u00f3 con una ruta estrat\u00e9gica de innovaci\u00f3n y gobernanza","breadcrumb":{"@id":"https:\/\/www.uartes.edu.ec\/sitio\/blog\/2026\/04\/24\/agenda-de-la-comunidad-de-rectores-de-cedia-en-shanghai-inicio-con-ruta-estrategica-de-innovacion-y-gobernanza\/#breadcrumb"},"inLanguage":"es","potentialAction":[{"@type":"ReadAction","target":["https:\/\/www.uartes.edu.ec\/sitio\/blog\/2026\/04\/24\/agenda-de-la-comunidad-de-rectores-de-cedia-en-shanghai-inicio-con-ruta-estrategica-de-innovacion-y-gobernanza\/"]}]},{"@type":"ImageObject","inLanguage":"es","@id":"https:\/\/www.uartes.edu.ec\/sitio\/blog\/2026\/04\/24\/agenda-de-la-comunidad-de-rectores-de-cedia-en-shanghai-inicio-con-ruta-estrategica-de-innovacion-y-gobernanza\/#primaryimage","url":"https:\/\/www.uartes.edu.ec\/sitio\/wp-content\/uploads\/2026\/04\/Proyecto-Cambiar-tamano-de-imagen-2026-04-26T132025.199.jpeg","contentUrl":"https:\/\/www.uartes.edu.ec\/sitio\/wp-content\/uploads\/2026\/04\/Proyecto-Cambiar-tamano-de-imagen-2026-04-26T132025.199.jpeg","width":2000,"height":1333},{"@type":"BreadcrumbList","@id":"https:\/\/www.uartes.edu.ec\/sitio\/blog\/2026\/04\/24\/agenda-de-la-comunidad-de-rectores-de-cedia-en-shanghai-inicio-con-ruta-estrategica-de-innovacion-y-gobernanza\/#breadcrumb","itemListElement":[{"@type":"ListItem","position":1,"name":"Inicio","item":"https:\/\/www.uartes.edu.ec\/sitio\/"},{"@type":"ListItem","position":2,"name":"Agenda de la Comunidad de Rectores de CEDIA en Shanghai inici\u00f3 con una ruta estrat\u00e9gica de innovaci\u00f3n y gobernanza"}]},{"@type":"WebSite","@id":"https:\/\/www.uartes.edu.ec\/sitio\/#website","url":"https:\/\/www.uartes.edu.ec\/sitio\/","name":"Universidad de las Artes","description":"Sitio oficial de la Universidad Nacional de las Artes del Ecuador","publisher":{"@id":"https:\/\/www.uartes.edu.ec\/sitio\/#organization"},"potentialAction":[{"@type":"SearchAction","target":{"@type":"EntryPoint","urlTemplate":"https:\/\/www.uartes.edu.ec\/sitio\/?s={search_term_string}"},"query-input":{"@type":"PropertyValueSpecification","valueRequired":true,"valueName":"search_term_string"}}],"inLanguage":"es"},{"@type":"Organization","@id":"https:\/\/www.uartes.edu.ec\/sitio\/#organization","name":"Universidad de las Artes","url":"https:\/\/www.uartes.edu.ec\/sitio\/","logo":{"@type":"ImageObject","inLanguage":"es","@id":"https:\/\/www.uartes.edu.ec\/sitio\/#\/schema\/logo\/image\/","url":"https:\/\/www.uartes.edu.ec\/sitio\/wp-content\/uploads\/2022\/07\/logo-ua-horizontal.png","contentUrl":"https:\/\/www.uartes.edu.ec\/sitio\/wp-content\/uploads\/2022\/07\/logo-ua-horizontal.png","width":800,"height":276,"caption":"Universidad de las Artes"},"image":{"@id":"https:\/\/www.uartes.edu.ec\/sitio\/#\/schema\/logo\/image\/"},"sameAs":["https:\/\/www.facebook.com\/uartesec","https:\/\/x.com\/uartesec","https:\/\/www.tiktok.com\/@uartesec"]},{"@type":"Person","@id":"https:\/\/www.uartes.edu.ec\/sitio\/#\/schema\/person\/efa1b8275797664fd7f13a79ccc0b1f4","name":"ccortez","image":{"@type":"ImageObject","inLanguage":"es","@id":"https:\/\/secure.gravatar.com\/avatar\/b2a6f664a3ae8e074346ef91775736c5ec479e637ecced6842de9dc98b5da9cd?s=96&d=mm&r=g","url":"https:\/\/secure.gravatar.com\/avatar\/b2a6f664a3ae8e074346ef91775736c5ec479e637ecced6842de9dc98b5da9cd?s=96&d=mm&r=g","contentUrl":"https:\/\/secure.gravatar.com\/avatar\/b2a6f664a3ae8e074346ef91775736c5ec479e637ecced6842de9dc98b5da9cd?s=96&d=mm&r=g","caption":"ccortez"},"url":"https:\/\/www.uartes.edu.ec\/sitio\/blog\/author\/ccortez\/"}]}},"uagb_featured_image_src":{"full":["https:\/\/www.uartes.edu.ec\/sitio\/wp-content\/uploads\/2026\/04\/Proyecto-Cambiar-tamano-de-imagen-2026-04-26T132025.199.jpeg",2000,1333,false],"thumbnail":["https:\/\/www.uartes.edu.ec\/sitio\/wp-content\/uploads\/2026\/04\/Proyecto-Cambiar-tamano-de-imagen-2026-04-26T132025.199-150x150.jpeg",150,150,true],"medium":["https:\/\/www.uartes.edu.ec\/sitio\/wp-content\/uploads\/2026\/04\/Proyecto-Cambiar-tamano-de-imagen-2026-04-26T132025.199-300x200.jpeg",300,200,true],"medium_large":["https:\/\/www.uartes.edu.ec\/sitio\/wp-content\/uploads\/2026\/04\/Proyecto-Cambiar-tamano-de-imagen-2026-04-26T132025.199-768x512.jpeg",768,512,true],"large":["https:\/\/www.uartes.edu.ec\/sitio\/wp-content\/uploads\/2026\/04\/Proyecto-Cambiar-tamano-de-imagen-2026-04-26T132025.199-644x429.jpeg",644,429,true],"1536x1536":["https:\/\/www.uartes.edu.ec\/sitio\/wp-content\/uploads\/2026\/04\/Proyecto-Cambiar-tamano-de-imagen-2026-04-26T132025.199-1536x1024.jpeg",1536,1024,true],"2048x2048":["https:\/\/www.uartes.edu.ec\/sitio\/wp-content\/uploads\/2026\/04\/Proyecto-Cambiar-tamano-de-imagen-2026-04-26T132025.199.jpeg",2000,1333,false],"trp-custom-language-flag":["https:\/\/www.uartes.edu.ec\/sitio\/wp-content\/uploads\/2026\/04\/Proyecto-Cambiar-tamano-de-imagen-2026-04-26T132025.199-18x12.jpeg",18,12,true],"htmega_size_585x295":["https:\/\/www.uartes.edu.ec\/sitio\/wp-content\/uploads\/2026\/04\/Proyecto-Cambiar-tamano-de-imagen-2026-04-26T132025.199-585x295.jpeg",585,295,true],"htmega_size_1170x536":["https:\/\/www.uartes.edu.ec\/sitio\/wp-content\/uploads\/2026\/04\/Proyecto-Cambiar-tamano-de-imagen-2026-04-26T132025.199-1170x536.jpeg",1170,536,true],"htmega_size_396x360":["https:\/\/www.uartes.edu.ec\/sitio\/wp-content\/uploads\/2026\/04\/Proyecto-Cambiar-tamano-de-imagen-2026-04-26T132025.199-396x360.jpeg",396,360,true],"gb-block-post-grid-landscape":["https:\/\/www.uartes.edu.ec\/sitio\/wp-content\/uploads\/2026\/04\/Proyecto-Cambiar-tamano-de-imagen-2026-04-26T132025.199-600x400.jpeg",600,400,true],"gb-block-post-grid-square":["https:\/\/www.uartes.edu.ec\/sitio\/wp-content\/uploads\/2026\/04\/Proyecto-Cambiar-tamano-de-imagen-2026-04-26T132025.199-600x600.jpeg",600,600,true],"university-hub-thumb":["https:\/\/www.uartes.edu.ec\/sitio\/wp-content\/uploads\/2026\/04\/Proyecto-Cambiar-tamano-de-imagen-2026-04-26T132025.199-400x267.jpeg",400,267,true],"mailpoet_newsletter_max":["https:\/\/www.uartes.edu.ec\/sitio\/wp-content\/uploads\/2026\/04\/Proyecto-Cambiar-tamano-de-imagen-2026-04-26T132025.199-1320x880.jpeg",1320,880,true]},"uagb_author_info":{"display_name":"ccortez","author_link":"https:\/\/www.uartes.edu.ec\/sitio\/blog\/author\/ccortez\/"},"uagb_comment_info":0,"uagb_excerpt":"Luego de su paso por Beijing, la delegaci\u00f3n de la Comunidad de Rectores de CEDIA inici\u00f3 su agenda en Shangh\u00e1i, uno de los principales hubs de innovaci\u00f3n y desarrollo tecnol\u00f3gico de China. En este nuevo escenario, la jornada evidenci\u00f3 c\u00f3mo las universidades pueden proyectarse globalmente. Sanchai International Studies University (SISU), Tongji University y NeoBay Innovation&hellip;","featured_image_src":"https:\/\/www.uartes.edu.ec\/sitio\/wp-content\/uploads\/2026\/04\/Proyecto-Cambiar-tamano-de-imagen-2026-04-26T132025.199-600x400.jpeg","featured_image_src_square":"https:\/\/www.uartes.edu.ec\/sitio\/wp-content\/uploads\/2026\/04\/Proyecto-Cambiar-tamano-de-imagen-2026-04-26T132025.199-600x600.jpeg","author_info":{"display_name":"ccortez","author_link":"https:\/\/www.uartes.edu.ec\/sitio\/blog\/author\/ccortez\/"},"publishpress_future_workflow_manual_trigger":{"enabledWorkflows":[]},"distributor_meta":false,"distributor_terms":false,"distributor_media":false,"distributor_original_site_name":"Universidad de las Artes","distributor_original_site_url":"https:\/\/www.uartes.edu.ec\/sitio","push-errors":false,"_links":{"self":[{"href":"https:\/\/www.uartes.edu.ec\/sitio\/wp-json\/wp\/v2\/posts\/89765","targetHints":{"allow":["GET"]}}],"collection":[{"href":"https:\/\/www.uartes.edu.ec\/sitio\/wp-json\/wp\/v2\/posts"}],"about":[{"href":"https:\/\/www.uartes.edu.ec\/sitio\/wp-json\/wp\/v2\/types\/post"}],"author":[{"embeddable":true,"href":"https:\/\/www.uartes.edu.ec\/sitio\/wp-json\/wp\/v2\/users\/10"}],"replies":[{"embeddable":true,"href":"https:\/\/www.uartes.edu.ec\/sitio\/wp-json\/wp\/v2\/comments?post=89765"}],"version-history":[{"count":2,"href":"https:\/\/www.uartes.edu.ec\/sitio\/wp-json\/wp\/v2\/posts\/89765\/revisions"}],"predecessor-version":[{"id":89777,"href":"https:\/\/www.uartes.edu.ec\/sitio\/wp-json\/wp\/v2\/posts\/89765\/revisions\/89777"}],"wp:featuredmedia":[{"embeddable":true,"href":"https:\/\/www.uartes.edu.ec\/sitio\/wp-json\/wp\/v2\/media\/89766"}],"wp:attachment":[{"href":"https:\/\/www.uartes.edu.ec\/sitio\/wp-json\/wp\/v2\/media?parent=89765"}],"wp:term":[{"taxonomy":"category","embeddable":true,"href":"https:\/\/www.uartes.edu.ec\/sitio\/wp-json\/wp\/v2\/categories?post=89765"},{"taxonomy":"post_tag","embeddable":true,"href":"https:\/\/www.uartes.edu.ec\/sitio\/wp-json\/wp\/v2\/tags?post=89765"},{"taxonomy":"infouartes","embeddable":true,"href":"https:\/\/www.uartes.edu.ec\/sitio\/wp-json\/wp\/v2\/infouartes?post=89765"}],"curies":[{"name":"wp","href":"https:\/\/api.w.org\/{rel}","templated":true}]}}