{"id":89808,"date":"2026-04-26T16:53:45","date_gmt":"2026-04-26T21:53:45","guid":{"rendered":"https:\/\/www.uartes.edu.ec\/sitio\/?p=89808"},"modified":"2026-04-28T19:30:58","modified_gmt":"2026-04-29T00:30:58","slug":"dialogo-e-integracion-en-la-bienvenida-de-la-escuela-de-literatura-a-sus-estudiantes-para-iniciar-el-is-2026","status":"publish","type":"post","link":"https:\/\/www.uartes.edu.ec\/sitio\/blog\/2026\/04\/26\/dialogo-e-integracion-en-la-bienvenida-de-la-escuela-de-literatura-a-sus-estudiantes-para-iniciar-el-is-2026\/","title":{"rendered":"Di\u00e1logo e integraci\u00f3n en la bienvenida de la Escuela de Literatura a sus estudiantes"},"content":{"rendered":"\n<p>La Plaza P\u00fablica del MZ14 Centro de Producci\u00f3n e Innovaci\u00f3n UArtes fue el pasado 21 de abril el punto de encuentro de la bienvenida que la Escuela de Literatura dio a sus estudiantes en el inicio del IS 2026. La cita fue concebida como un convite, un espacio para el di\u00e1logo y la integraci\u00f3n, para conocerse y reconocerse, para informarse sobre las actividades que se desarrollar\u00e1n en el nuevo semestre y para escuchar y ser escuchados.<\/p>\n\n\n\n<p>Junto con la directora de la escuela, Solange Rodr\u00edguez, y de los coordinadores de las carreras de Literatura y Educaci\u00f3n Art\u00edstica Intercultural, Siomara Espa\u00f1a y Jorge Tigrero, recibieron a los alumnos la vicerrectora acad\u00e9mica, Yulianela P\u00e9rez, y el vicerrector de Posgrados e Investigaci\u00f3n en Artes, Andrey Astaiza. En sus intervenciones, las autoridades universitarias destacaron la importancia de la formaci\u00f3n literaria en el contexto art\u00edstico y acad\u00e9mico contempor\u00e1neo.<\/p>\n\n\n\n<p>Durante el acto, se compartieron cifras relevantes sobre la Escuela de Literatura: actualmente cuenta con 280 estudiantes matriculados, 97 graduados y 17 en proceso de titulaci\u00f3n. Asimismo, se presentaron algunos de los proyectos en los que participa la escuela, entre ellos Libre Libro, Interactos, Marea, entre otras iniciativas que fortalecen la producci\u00f3n y circulaci\u00f3n literaria dentro y fuera del \u00e1mbito universitario.<\/p>\n\n\n\n<p>En este contexto, tambi\u00e9n se motiv\u00f3 a los estudiantes a participar en concursos y convocatorias acad\u00e9micas, destacando el reciente reconocimiento obtenido por Paola Salazar Cubillo, ganadora del X Concurso Nacional Universitario \u201cEfra\u00edn Jara Idrovo\u201d, en la modalidad de relato, en el marco del XV Encuentro sobre Literatura Ecuatoriana y Latinoamericana \u201cAlfonso Carrasco Vintimilla\u201d.<\/p>\n\n\n<div class=\"wp-block-image\">\n<figure class=\"aligncenter size-large\"><img fetchpriority=\"high\" decoding=\"async\" width=\"644\" height=\"429\" src=\"https:\/\/www.uartes.edu.ec\/sitio\/wp-content\/uploads\/2026\/04\/Proyecto-Cambiar-tamano-de-imagen-2026-04-27T155210.592-644x429.jpeg\" alt=\"\" class=\"wp-image-89819\" srcset=\"https:\/\/www.uartes.edu.ec\/sitio\/wp-content\/uploads\/2026\/04\/Proyecto-Cambiar-tamano-de-imagen-2026-04-27T155210.592-644x429.jpeg 644w, https:\/\/www.uartes.edu.ec\/sitio\/wp-content\/uploads\/2026\/04\/Proyecto-Cambiar-tamano-de-imagen-2026-04-27T155210.592-300x200.jpeg 300w, https:\/\/www.uartes.edu.ec\/sitio\/wp-content\/uploads\/2026\/04\/Proyecto-Cambiar-tamano-de-imagen-2026-04-27T155210.592-768x512.jpeg 768w, https:\/\/www.uartes.edu.ec\/sitio\/wp-content\/uploads\/2026\/04\/Proyecto-Cambiar-tamano-de-imagen-2026-04-27T155210.592-1536x1024.jpeg 1536w, https:\/\/www.uartes.edu.ec\/sitio\/wp-content\/uploads\/2026\/04\/Proyecto-Cambiar-tamano-de-imagen-2026-04-27T155210.592-18x12.jpeg 18w, https:\/\/www.uartes.edu.ec\/sitio\/wp-content\/uploads\/2026\/04\/Proyecto-Cambiar-tamano-de-imagen-2026-04-27T155210.592-600x400.jpeg 600w, https:\/\/www.uartes.edu.ec\/sitio\/wp-content\/uploads\/2026\/04\/Proyecto-Cambiar-tamano-de-imagen-2026-04-27T155210.592-400x267.jpeg 400w, https:\/\/www.uartes.edu.ec\/sitio\/wp-content\/uploads\/2026\/04\/Proyecto-Cambiar-tamano-de-imagen-2026-04-27T155210.592-1320x880.jpeg 1320w, https:\/\/www.uartes.edu.ec\/sitio\/wp-content\/uploads\/2026\/04\/Proyecto-Cambiar-tamano-de-imagen-2026-04-27T155210.592.jpeg 2000w\" sizes=\"(max-width: 644px) 100vw, 644px\" \/><\/figure>\n<\/div>\n\n\n<p>Uno de los momentos centrales de la bienvenida fue la presentaci\u00f3n del cuerpo docente y sus respectivas responsabilidades. Se mencion\u00f3 a Andr\u00e9s Land\u00e1zuri, encargado de las pr\u00e1cticas profesionales; a Fernando Montenegro, representante alterno ante el CDE, quien, pese a no poder asistir por motivos de salud, envi\u00f3 un emotivo mensaje audiovisual de bienvenida; a Roberto Ram\u00edrez, representante principal ante el CDE y responsable de titulaci\u00f3n; y a Mar\u00eda Cecilia Velasco, directora de la revista \u201cPie de P\u00e1gina\u201d y representante principal ante el CDE.<\/p>\n\n\n\n<p>De igual manera, se present\u00f3 a los nuevos integrantes de la Asociaci\u00f3n Estudiantil de Literatura (AELIT), quienes cumplen funciones de representaci\u00f3n estudiantil: Adriana Mor\u00e1n, Marda Murillo, Xiomara Campa\u00f1a y Pablo Castro. En el \u00d3rgano Colegiado Superior (OCS), a Camila Far\u00edas Yagual.<\/p>\n\n\n\n<p>En la Plaza P\u00fablica se dieron cita tambi\u00e9n los representantes de las jefaturas y direcciones del CEAT (Centro de Escritura Acad\u00e9mica y Traducci\u00f3n), ILIA (Instituto Latinoamericano de Investigaci\u00f3n en Artes), UArtes Ediciones y Relaciones Internacionales para enfatizar las diferentes ofertas y actividades a realizar para su desempe\u00f1o acad\u00e9mico y bienestar.<\/p>\n\n\n\n<p>El encuentro concluy\u00f3 en un ambiente distendido y un espacio de bocaditos compartidos, propiciando la interacci\u00f3n entre los asistentes. Casi al t\u00e9rmino de la cita, se anunci\u00f3 que una bienvenida similar habr\u00e1 el pr\u00f3ximo viernes 8 de mayo, en el mismo lugar, para los estudiantes de la carrera de Educaci\u00f3n Art\u00edstica Intercultural, dando continuidad as\u00ed a las actividades de integraci\u00f3n acad\u00e9mica de la Escuela de Literatura.<\/p>\n\n\n\n<p>Texto: Eleinn Rivera\/Escuela de Literatura. Edici\u00f3n: Carmen Cortez\/Dircom. Fotos: Tyrone Maridue\u00f1a\/Dircom.<\/p>\n","protected":false},"excerpt":{"rendered":"<p>Como un espacio para el di\u00e1logo y la integraci\u00f3n concibi\u00f3 la Escuela de Literatura la bienvenida que dio a sus estudiantes en el inicio del IS 2026. Junto con su directora, Solange Rodr\u00edguez, y los coordinadores de las carreras de Literatura, Siomara Espa\u00f1a, y Educaci\u00f3n Art\u00edstica Intercultural, Jorge Tigrero, los alumnos fueron recibidos por la vicerrectora acad\u00e9mica Yulianela P\u00e9rez, rectora subrogante, y el vicerrector de Posgrados e Investigaci\u00f3n en Artes, Andrey Astaiza.<\/p>\n","protected":false},"author":10,"featured_media":89810,"comment_status":"open","ping_status":"open","sticky":false,"template":"","format":"standard","meta":{"_acf_changed":false,"_uag_custom_page_level_css":"","_monsterinsights_skip_tracking":false,"_monsterinsights_sitenote_active":false,"_monsterinsights_sitenote_note":"","_monsterinsights_sitenote_category":0,"cybocfi_hide_featured_image":"","footnotes":""},"categories":[80,82,75,76,175],"tags":[521],"infouartes":[],"class_list":["post-89808","post","type-post","status-publish","format-standard","has-post-thumbnail","hentry","category-academico","category-artes","category-docentes","category-estudiantes","category-literatura","tag-encuentro"],"acf":[],"yoast_head":"<!-- This site is optimized with the Yoast SEO plugin v27.4 - https:\/\/yoast.com\/product\/yoast-seo-wordpress\/ -->\n<title>Universidad de las Artes - Di\u00e1logo e integraci\u00f3n en la bienvenida de la Escuela de Literatura a sus estudiantes<\/title>\n<meta name=\"description\" content=\"Universidad de las Artes - Di\u00e1logo e integraci\u00f3n en la bienvenida de la Escuela de Literatura a sus estudiantes\" \/>\n<meta name=\"robots\" content=\"index, follow, max-snippet:-1, max-image-preview:large, max-video-preview:-1\" \/>\n<link rel=\"canonical\" href=\"https:\/\/www.uartes.edu.ec\/sitio\/blog\/2026\/04\/26\/dialogo-e-integracion-en-la-bienvenida-de-la-escuela-de-literatura-a-sus-estudiantes-para-iniciar-el-is-2026\/\" \/>\n<meta property=\"og:locale\" content=\"es_ES\" \/>\n<meta property=\"og:type\" content=\"article\" \/>\n<meta property=\"og:title\" content=\"Universidad de las Artes - Di\u00e1logo e integraci\u00f3n en la bienvenida de la Escuela de Literatura a sus estudiantes\" \/>\n<meta property=\"og:description\" content=\"Universidad de las Artes - Di\u00e1logo e integraci\u00f3n en la bienvenida de la Escuela de Literatura a sus estudiantes\" \/>\n<meta property=\"og:url\" content=\"https:\/\/www.uartes.edu.ec\/sitio\/blog\/2026\/04\/26\/dialogo-e-integracion-en-la-bienvenida-de-la-escuela-de-literatura-a-sus-estudiantes-para-iniciar-el-is-2026\/\" \/>\n<meta property=\"og:site_name\" content=\"Universidad de las Artes\" \/>\n<meta property=\"article:publisher\" content=\"https:\/\/www.facebook.com\/uartesec\" \/>\n<meta property=\"article:published_time\" content=\"2026-04-26T21:53:45+00:00\" \/>\n<meta property=\"article:modified_time\" content=\"2026-04-29T00:30:58+00:00\" \/>\n<meta property=\"og:image\" content=\"https:\/\/www.uartes.edu.ec\/sitio\/wp-content\/uploads\/2026\/04\/Proyecto-Cambiar-tamano-de-imagen-2026-04-26T150000.611.jpeg\" \/>\n\t<meta property=\"og:image:width\" content=\"2000\" \/>\n\t<meta property=\"og:image:height\" content=\"1333\" \/>\n\t<meta property=\"og:image:type\" content=\"image\/jpeg\" \/>\n<meta name=\"author\" content=\"ccortez\" \/>\n<meta name=\"twitter:card\" content=\"summary_large_image\" \/>\n<meta name=\"twitter:creator\" content=\"@uartesec\" \/>\n<meta name=\"twitter:site\" content=\"@uartesec\" \/>\n<meta name=\"twitter:label1\" content=\"Escrito por\" \/>\n\t<meta name=\"twitter:data1\" content=\"ccortez\" \/>\n\t<meta name=\"twitter:label2\" content=\"Tiempo de lectura\" \/>\n\t<meta name=\"twitter:data2\" content=\"3 minutos\" \/>\n<script type=\"application\/ld+json\" class=\"yoast-schema-graph\">{\"@context\":\"https:\\\/\\\/schema.org\",\"@graph\":[{\"@type\":\"Article\",\"@id\":\"https:\\\/\\\/www.uartes.edu.ec\\\/sitio\\\/blog\\\/2026\\\/04\\\/26\\\/dialogo-e-integracion-en-la-bienvenida-de-la-escuela-de-literatura-a-sus-estudiantes-para-iniciar-el-is-2026\\\/#article\",\"isPartOf\":{\"@id\":\"https:\\\/\\\/www.uartes.edu.ec\\\/sitio\\\/blog\\\/2026\\\/04\\\/26\\\/dialogo-e-integracion-en-la-bienvenida-de-la-escuela-de-literatura-a-sus-estudiantes-para-iniciar-el-is-2026\\\/\"},\"author\":{\"name\":\"ccortez\",\"@id\":\"https:\\\/\\\/www.uartes.edu.ec\\\/sitio\\\/#\\\/schema\\\/person\\\/efa1b8275797664fd7f13a79ccc0b1f4\"},\"headline\":\"Di\u00e1logo e integraci\u00f3n en la bienvenida de la Escuela de Literatura a sus estudiantes\",\"datePublished\":\"2026-04-26T21:53:45+00:00\",\"dateModified\":\"2026-04-29T00:30:58+00:00\",\"mainEntityOfPage\":{\"@id\":\"https:\\\/\\\/www.uartes.edu.ec\\\/sitio\\\/blog\\\/2026\\\/04\\\/26\\\/dialogo-e-integracion-en-la-bienvenida-de-la-escuela-de-literatura-a-sus-estudiantes-para-iniciar-el-is-2026\\\/\"},\"wordCount\":573,\"commentCount\":0,\"publisher\":{\"@id\":\"https:\\\/\\\/www.uartes.edu.ec\\\/sitio\\\/#organization\"},\"image\":{\"@id\":\"https:\\\/\\\/www.uartes.edu.ec\\\/sitio\\\/blog\\\/2026\\\/04\\\/26\\\/dialogo-e-integracion-en-la-bienvenida-de-la-escuela-de-literatura-a-sus-estudiantes-para-iniciar-el-is-2026\\\/#primaryimage\"},\"thumbnailUrl\":\"https:\\\/\\\/www.uartes.edu.ec\\\/sitio\\\/wp-content\\\/uploads\\\/2026\\\/04\\\/Proyecto-Cambiar-tamano-de-imagen-2026-04-26T150000.611.jpeg\",\"keywords\":[\"encuentro\"],\"articleSection\":[\"Acad\u00e9mico\",\"Artes\",\"Docentes\",\"Estudiantes\",\"Literatura\"],\"inLanguage\":\"es\",\"potentialAction\":[{\"@type\":\"CommentAction\",\"name\":\"Comment\",\"target\":[\"https:\\\/\\\/www.uartes.edu.ec\\\/sitio\\\/blog\\\/2026\\\/04\\\/26\\\/dialogo-e-integracion-en-la-bienvenida-de-la-escuela-de-literatura-a-sus-estudiantes-para-iniciar-el-is-2026\\\/#respond\"]}]},{\"@type\":[\"WebPage\",\"ItemPage\"],\"@id\":\"https:\\\/\\\/www.uartes.edu.ec\\\/sitio\\\/blog\\\/2026\\\/04\\\/26\\\/dialogo-e-integracion-en-la-bienvenida-de-la-escuela-de-literatura-a-sus-estudiantes-para-iniciar-el-is-2026\\\/\",\"url\":\"https:\\\/\\\/www.uartes.edu.ec\\\/sitio\\\/blog\\\/2026\\\/04\\\/26\\\/dialogo-e-integracion-en-la-bienvenida-de-la-escuela-de-literatura-a-sus-estudiantes-para-iniciar-el-is-2026\\\/\",\"name\":\"Universidad de las Artes - Di\u00e1logo e integraci\u00f3n en la bienvenida de la Escuela de Literatura a sus estudiantes\",\"isPartOf\":{\"@id\":\"https:\\\/\\\/www.uartes.edu.ec\\\/sitio\\\/#website\"},\"primaryImageOfPage\":{\"@id\":\"https:\\\/\\\/www.uartes.edu.ec\\\/sitio\\\/blog\\\/2026\\\/04\\\/26\\\/dialogo-e-integracion-en-la-bienvenida-de-la-escuela-de-literatura-a-sus-estudiantes-para-iniciar-el-is-2026\\\/#primaryimage\"},\"image\":{\"@id\":\"https:\\\/\\\/www.uartes.edu.ec\\\/sitio\\\/blog\\\/2026\\\/04\\\/26\\\/dialogo-e-integracion-en-la-bienvenida-de-la-escuela-de-literatura-a-sus-estudiantes-para-iniciar-el-is-2026\\\/#primaryimage\"},\"thumbnailUrl\":\"https:\\\/\\\/www.uartes.edu.ec\\\/sitio\\\/wp-content\\\/uploads\\\/2026\\\/04\\\/Proyecto-Cambiar-tamano-de-imagen-2026-04-26T150000.611.jpeg\",\"datePublished\":\"2026-04-26T21:53:45+00:00\",\"dateModified\":\"2026-04-29T00:30:58+00:00\",\"description\":\"Universidad de las Artes - Di\u00e1logo e integraci\u00f3n en la bienvenida de la Escuela de Literatura a sus estudiantes\",\"breadcrumb\":{\"@id\":\"https:\\\/\\\/www.uartes.edu.ec\\\/sitio\\\/blog\\\/2026\\\/04\\\/26\\\/dialogo-e-integracion-en-la-bienvenida-de-la-escuela-de-literatura-a-sus-estudiantes-para-iniciar-el-is-2026\\\/#breadcrumb\"},\"inLanguage\":\"es\",\"potentialAction\":[{\"@type\":\"ReadAction\",\"target\":[\"https:\\\/\\\/www.uartes.edu.ec\\\/sitio\\\/blog\\\/2026\\\/04\\\/26\\\/dialogo-e-integracion-en-la-bienvenida-de-la-escuela-de-literatura-a-sus-estudiantes-para-iniciar-el-is-2026\\\/\"]}]},{\"@type\":\"ImageObject\",\"inLanguage\":\"es\",\"@id\":\"https:\\\/\\\/www.uartes.edu.ec\\\/sitio\\\/blog\\\/2026\\\/04\\\/26\\\/dialogo-e-integracion-en-la-bienvenida-de-la-escuela-de-literatura-a-sus-estudiantes-para-iniciar-el-is-2026\\\/#primaryimage\",\"url\":\"https:\\\/\\\/www.uartes.edu.ec\\\/sitio\\\/wp-content\\\/uploads\\\/2026\\\/04\\\/Proyecto-Cambiar-tamano-de-imagen-2026-04-26T150000.611.jpeg\",\"contentUrl\":\"https:\\\/\\\/www.uartes.edu.ec\\\/sitio\\\/wp-content\\\/uploads\\\/2026\\\/04\\\/Proyecto-Cambiar-tamano-de-imagen-2026-04-26T150000.611.jpeg\",\"width\":2000,\"height\":1333},{\"@type\":\"BreadcrumbList\",\"@id\":\"https:\\\/\\\/www.uartes.edu.ec\\\/sitio\\\/blog\\\/2026\\\/04\\\/26\\\/dialogo-e-integracion-en-la-bienvenida-de-la-escuela-de-literatura-a-sus-estudiantes-para-iniciar-el-is-2026\\\/#breadcrumb\",\"itemListElement\":[{\"@type\":\"ListItem\",\"position\":1,\"name\":\"Inicio\",\"item\":\"https:\\\/\\\/www.uartes.edu.ec\\\/sitio\\\/\"},{\"@type\":\"ListItem\",\"position\":2,\"name\":\"Di\u00e1logo e integraci\u00f3n en la bienvenida de la Escuela de Literatura a sus estudiantes\"}]},{\"@type\":\"WebSite\",\"@id\":\"https:\\\/\\\/www.uartes.edu.ec\\\/sitio\\\/#website\",\"url\":\"https:\\\/\\\/www.uartes.edu.ec\\\/sitio\\\/\",\"name\":\"Universidad de las Artes\",\"description\":\"Sitio oficial de la Universidad Nacional de las Artes del Ecuador\",\"publisher\":{\"@id\":\"https:\\\/\\\/www.uartes.edu.ec\\\/sitio\\\/#organization\"},\"potentialAction\":[{\"@type\":\"SearchAction\",\"target\":{\"@type\":\"EntryPoint\",\"urlTemplate\":\"https:\\\/\\\/www.uartes.edu.ec\\\/sitio\\\/?s={search_term_string}\"},\"query-input\":{\"@type\":\"PropertyValueSpecification\",\"valueRequired\":true,\"valueName\":\"search_term_string\"}}],\"inLanguage\":\"es\"},{\"@type\":\"Organization\",\"@id\":\"https:\\\/\\\/www.uartes.edu.ec\\\/sitio\\\/#organization\",\"name\":\"Universidad de las Artes\",\"url\":\"https:\\\/\\\/www.uartes.edu.ec\\\/sitio\\\/\",\"logo\":{\"@type\":\"ImageObject\",\"inLanguage\":\"es\",\"@id\":\"https:\\\/\\\/www.uartes.edu.ec\\\/sitio\\\/#\\\/schema\\\/logo\\\/image\\\/\",\"url\":\"https:\\\/\\\/www.uartes.edu.ec\\\/sitio\\\/wp-content\\\/uploads\\\/2022\\\/07\\\/logo-ua-horizontal.png\",\"contentUrl\":\"https:\\\/\\\/www.uartes.edu.ec\\\/sitio\\\/wp-content\\\/uploads\\\/2022\\\/07\\\/logo-ua-horizontal.png\",\"width\":800,\"height\":276,\"caption\":\"Universidad de las Artes\"},\"image\":{\"@id\":\"https:\\\/\\\/www.uartes.edu.ec\\\/sitio\\\/#\\\/schema\\\/logo\\\/image\\\/\"},\"sameAs\":[\"https:\\\/\\\/www.facebook.com\\\/uartesec\",\"https:\\\/\\\/x.com\\\/uartesec\",\"https:\\\/\\\/www.tiktok.com\\\/@uartesec\"]},{\"@type\":\"Person\",\"@id\":\"https:\\\/\\\/www.uartes.edu.ec\\\/sitio\\\/#\\\/schema\\\/person\\\/efa1b8275797664fd7f13a79ccc0b1f4\",\"name\":\"ccortez\",\"image\":{\"@type\":\"ImageObject\",\"inLanguage\":\"es\",\"@id\":\"https:\\\/\\\/secure.gravatar.com\\\/avatar\\\/b2a6f664a3ae8e074346ef91775736c5ec479e637ecced6842de9dc98b5da9cd?s=96&d=mm&r=g\",\"url\":\"https:\\\/\\\/secure.gravatar.com\\\/avatar\\\/b2a6f664a3ae8e074346ef91775736c5ec479e637ecced6842de9dc98b5da9cd?s=96&d=mm&r=g\",\"contentUrl\":\"https:\\\/\\\/secure.gravatar.com\\\/avatar\\\/b2a6f664a3ae8e074346ef91775736c5ec479e637ecced6842de9dc98b5da9cd?s=96&d=mm&r=g\",\"caption\":\"ccortez\"},\"url\":\"https:\\\/\\\/www.uartes.edu.ec\\\/sitio\\\/blog\\\/author\\\/ccortez\\\/\"}]}<\/script>\n<!-- \/ Yoast SEO plugin. -->","yoast_head_json":{"title":"Universidad de las Artes - Di\u00e1logo e integraci\u00f3n en la bienvenida de la Escuela de Literatura a sus estudiantes","description":"Universidad de las Artes - Di\u00e1logo e integraci\u00f3n en la bienvenida de la Escuela de Literatura a sus estudiantes","robots":{"index":"index","follow":"follow","max-snippet":"max-snippet:-1","max-image-preview":"max-image-preview:large","max-video-preview":"max-video-preview:-1"},"canonical":"https:\/\/www.uartes.edu.ec\/sitio\/blog\/2026\/04\/26\/dialogo-e-integracion-en-la-bienvenida-de-la-escuela-de-literatura-a-sus-estudiantes-para-iniciar-el-is-2026\/","og_locale":"es_ES","og_type":"article","og_title":"Universidad de las Artes - Di\u00e1logo e integraci\u00f3n en la bienvenida de la Escuela de Literatura a sus estudiantes","og_description":"Universidad de las Artes - Di\u00e1logo e integraci\u00f3n en la bienvenida de la Escuela de Literatura a sus estudiantes","og_url":"https:\/\/www.uartes.edu.ec\/sitio\/blog\/2026\/04\/26\/dialogo-e-integracion-en-la-bienvenida-de-la-escuela-de-literatura-a-sus-estudiantes-para-iniciar-el-is-2026\/","og_site_name":"Universidad de las Artes","article_publisher":"https:\/\/www.facebook.com\/uartesec","article_published_time":"2026-04-26T21:53:45+00:00","article_modified_time":"2026-04-29T00:30:58+00:00","og_image":[{"width":2000,"height":1333,"url":"https:\/\/www.uartes.edu.ec\/sitio\/wp-content\/uploads\/2026\/04\/Proyecto-Cambiar-tamano-de-imagen-2026-04-26T150000.611.jpeg","type":"image\/jpeg"}],"author":"ccortez","twitter_card":"summary_large_image","twitter_creator":"@uartesec","twitter_site":"@uartesec","twitter_misc":{"Escrito por":"ccortez","Tiempo de lectura":"3 minutos"},"schema":{"@context":"https:\/\/schema.org","@graph":[{"@type":"Article","@id":"https:\/\/www.uartes.edu.ec\/sitio\/blog\/2026\/04\/26\/dialogo-e-integracion-en-la-bienvenida-de-la-escuela-de-literatura-a-sus-estudiantes-para-iniciar-el-is-2026\/#article","isPartOf":{"@id":"https:\/\/www.uartes.edu.ec\/sitio\/blog\/2026\/04\/26\/dialogo-e-integracion-en-la-bienvenida-de-la-escuela-de-literatura-a-sus-estudiantes-para-iniciar-el-is-2026\/"},"author":{"name":"ccortez","@id":"https:\/\/www.uartes.edu.ec\/sitio\/#\/schema\/person\/efa1b8275797664fd7f13a79ccc0b1f4"},"headline":"Di\u00e1logo e integraci\u00f3n en la bienvenida de la Escuela de Literatura a sus estudiantes","datePublished":"2026-04-26T21:53:45+00:00","dateModified":"2026-04-29T00:30:58+00:00","mainEntityOfPage":{"@id":"https:\/\/www.uartes.edu.ec\/sitio\/blog\/2026\/04\/26\/dialogo-e-integracion-en-la-bienvenida-de-la-escuela-de-literatura-a-sus-estudiantes-para-iniciar-el-is-2026\/"},"wordCount":573,"commentCount":0,"publisher":{"@id":"https:\/\/www.uartes.edu.ec\/sitio\/#organization"},"image":{"@id":"https:\/\/www.uartes.edu.ec\/sitio\/blog\/2026\/04\/26\/dialogo-e-integracion-en-la-bienvenida-de-la-escuela-de-literatura-a-sus-estudiantes-para-iniciar-el-is-2026\/#primaryimage"},"thumbnailUrl":"https:\/\/www.uartes.edu.ec\/sitio\/wp-content\/uploads\/2026\/04\/Proyecto-Cambiar-tamano-de-imagen-2026-04-26T150000.611.jpeg","keywords":["encuentro"],"articleSection":["Acad\u00e9mico","Artes","Docentes","Estudiantes","Literatura"],"inLanguage":"es","potentialAction":[{"@type":"CommentAction","name":"Comment","target":["https:\/\/www.uartes.edu.ec\/sitio\/blog\/2026\/04\/26\/dialogo-e-integracion-en-la-bienvenida-de-la-escuela-de-literatura-a-sus-estudiantes-para-iniciar-el-is-2026\/#respond"]}]},{"@type":["WebPage","ItemPage"],"@id":"https:\/\/www.uartes.edu.ec\/sitio\/blog\/2026\/04\/26\/dialogo-e-integracion-en-la-bienvenida-de-la-escuela-de-literatura-a-sus-estudiantes-para-iniciar-el-is-2026\/","url":"https:\/\/www.uartes.edu.ec\/sitio\/blog\/2026\/04\/26\/dialogo-e-integracion-en-la-bienvenida-de-la-escuela-de-literatura-a-sus-estudiantes-para-iniciar-el-is-2026\/","name":"Universidad de las Artes - Di\u00e1logo e integraci\u00f3n en la bienvenida de la Escuela de Literatura a sus estudiantes","isPartOf":{"@id":"https:\/\/www.uartes.edu.ec\/sitio\/#website"},"primaryImageOfPage":{"@id":"https:\/\/www.uartes.edu.ec\/sitio\/blog\/2026\/04\/26\/dialogo-e-integracion-en-la-bienvenida-de-la-escuela-de-literatura-a-sus-estudiantes-para-iniciar-el-is-2026\/#primaryimage"},"image":{"@id":"https:\/\/www.uartes.edu.ec\/sitio\/blog\/2026\/04\/26\/dialogo-e-integracion-en-la-bienvenida-de-la-escuela-de-literatura-a-sus-estudiantes-para-iniciar-el-is-2026\/#primaryimage"},"thumbnailUrl":"https:\/\/www.uartes.edu.ec\/sitio\/wp-content\/uploads\/2026\/04\/Proyecto-Cambiar-tamano-de-imagen-2026-04-26T150000.611.jpeg","datePublished":"2026-04-26T21:53:45+00:00","dateModified":"2026-04-29T00:30:58+00:00","description":"Universidad de las Artes - Di\u00e1logo e integraci\u00f3n en la bienvenida de la Escuela de Literatura a sus estudiantes","breadcrumb":{"@id":"https:\/\/www.uartes.edu.ec\/sitio\/blog\/2026\/04\/26\/dialogo-e-integracion-en-la-bienvenida-de-la-escuela-de-literatura-a-sus-estudiantes-para-iniciar-el-is-2026\/#breadcrumb"},"inLanguage":"es","potentialAction":[{"@type":"ReadAction","target":["https:\/\/www.uartes.edu.ec\/sitio\/blog\/2026\/04\/26\/dialogo-e-integracion-en-la-bienvenida-de-la-escuela-de-literatura-a-sus-estudiantes-para-iniciar-el-is-2026\/"]}]},{"@type":"ImageObject","inLanguage":"es","@id":"https:\/\/www.uartes.edu.ec\/sitio\/blog\/2026\/04\/26\/dialogo-e-integracion-en-la-bienvenida-de-la-escuela-de-literatura-a-sus-estudiantes-para-iniciar-el-is-2026\/#primaryimage","url":"https:\/\/www.uartes.edu.ec\/sitio\/wp-content\/uploads\/2026\/04\/Proyecto-Cambiar-tamano-de-imagen-2026-04-26T150000.611.jpeg","contentUrl":"https:\/\/www.uartes.edu.ec\/sitio\/wp-content\/uploads\/2026\/04\/Proyecto-Cambiar-tamano-de-imagen-2026-04-26T150000.611.jpeg","width":2000,"height":1333},{"@type":"BreadcrumbList","@id":"https:\/\/www.uartes.edu.ec\/sitio\/blog\/2026\/04\/26\/dialogo-e-integracion-en-la-bienvenida-de-la-escuela-de-literatura-a-sus-estudiantes-para-iniciar-el-is-2026\/#breadcrumb","itemListElement":[{"@type":"ListItem","position":1,"name":"Inicio","item":"https:\/\/www.uartes.edu.ec\/sitio\/"},{"@type":"ListItem","position":2,"name":"Di\u00e1logo e integraci\u00f3n en la bienvenida de la Escuela de Literatura a sus estudiantes"}]},{"@type":"WebSite","@id":"https:\/\/www.uartes.edu.ec\/sitio\/#website","url":"https:\/\/www.uartes.edu.ec\/sitio\/","name":"Universidad de las Artes","description":"Sitio oficial de la Universidad Nacional de las Artes del Ecuador","publisher":{"@id":"https:\/\/www.uartes.edu.ec\/sitio\/#organization"},"potentialAction":[{"@type":"SearchAction","target":{"@type":"EntryPoint","urlTemplate":"https:\/\/www.uartes.edu.ec\/sitio\/?s={search_term_string}"},"query-input":{"@type":"PropertyValueSpecification","valueRequired":true,"valueName":"search_term_string"}}],"inLanguage":"es"},{"@type":"Organization","@id":"https:\/\/www.uartes.edu.ec\/sitio\/#organization","name":"Universidad de las Artes","url":"https:\/\/www.uartes.edu.ec\/sitio\/","logo":{"@type":"ImageObject","inLanguage":"es","@id":"https:\/\/www.uartes.edu.ec\/sitio\/#\/schema\/logo\/image\/","url":"https:\/\/www.uartes.edu.ec\/sitio\/wp-content\/uploads\/2022\/07\/logo-ua-horizontal.png","contentUrl":"https:\/\/www.uartes.edu.ec\/sitio\/wp-content\/uploads\/2022\/07\/logo-ua-horizontal.png","width":800,"height":276,"caption":"Universidad de las Artes"},"image":{"@id":"https:\/\/www.uartes.edu.ec\/sitio\/#\/schema\/logo\/image\/"},"sameAs":["https:\/\/www.facebook.com\/uartesec","https:\/\/x.com\/uartesec","https:\/\/www.tiktok.com\/@uartesec"]},{"@type":"Person","@id":"https:\/\/www.uartes.edu.ec\/sitio\/#\/schema\/person\/efa1b8275797664fd7f13a79ccc0b1f4","name":"ccortez","image":{"@type":"ImageObject","inLanguage":"es","@id":"https:\/\/secure.gravatar.com\/avatar\/b2a6f664a3ae8e074346ef91775736c5ec479e637ecced6842de9dc98b5da9cd?s=96&d=mm&r=g","url":"https:\/\/secure.gravatar.com\/avatar\/b2a6f664a3ae8e074346ef91775736c5ec479e637ecced6842de9dc98b5da9cd?s=96&d=mm&r=g","contentUrl":"https:\/\/secure.gravatar.com\/avatar\/b2a6f664a3ae8e074346ef91775736c5ec479e637ecced6842de9dc98b5da9cd?s=96&d=mm&r=g","caption":"ccortez"},"url":"https:\/\/www.uartes.edu.ec\/sitio\/blog\/author\/ccortez\/"}]}},"uagb_featured_image_src":{"full":["https:\/\/www.uartes.edu.ec\/sitio\/wp-content\/uploads\/2026\/04\/Proyecto-Cambiar-tamano-de-imagen-2026-04-26T150000.611.jpeg",2000,1333,false],"thumbnail":["https:\/\/www.uartes.edu.ec\/sitio\/wp-content\/uploads\/2026\/04\/Proyecto-Cambiar-tamano-de-imagen-2026-04-26T150000.611-150x150.jpeg",150,150,true],"medium":["https:\/\/www.uartes.edu.ec\/sitio\/wp-content\/uploads\/2026\/04\/Proyecto-Cambiar-tamano-de-imagen-2026-04-26T150000.611-300x200.jpeg",300,200,true],"medium_large":["https:\/\/www.uartes.edu.ec\/sitio\/wp-content\/uploads\/2026\/04\/Proyecto-Cambiar-tamano-de-imagen-2026-04-26T150000.611-768x512.jpeg",768,512,true],"large":["https:\/\/www.uartes.edu.ec\/sitio\/wp-content\/uploads\/2026\/04\/Proyecto-Cambiar-tamano-de-imagen-2026-04-26T150000.611-644x429.jpeg",644,429,true],"1536x1536":["https:\/\/www.uartes.edu.ec\/sitio\/wp-content\/uploads\/2026\/04\/Proyecto-Cambiar-tamano-de-imagen-2026-04-26T150000.611-1536x1024.jpeg",1536,1024,true],"2048x2048":["https:\/\/www.uartes.edu.ec\/sitio\/wp-content\/uploads\/2026\/04\/Proyecto-Cambiar-tamano-de-imagen-2026-04-26T150000.611.jpeg",2000,1333,false],"trp-custom-language-flag":["https:\/\/www.uartes.edu.ec\/sitio\/wp-content\/uploads\/2026\/04\/Proyecto-Cambiar-tamano-de-imagen-2026-04-26T150000.611-18x12.jpeg",18,12,true],"htmega_size_585x295":["https:\/\/www.uartes.edu.ec\/sitio\/wp-content\/uploads\/2026\/04\/Proyecto-Cambiar-tamano-de-imagen-2026-04-26T150000.611-585x295.jpeg",585,295,true],"htmega_size_1170x536":["https:\/\/www.uartes.edu.ec\/sitio\/wp-content\/uploads\/2026\/04\/Proyecto-Cambiar-tamano-de-imagen-2026-04-26T150000.611-1170x536.jpeg",1170,536,true],"htmega_size_396x360":["https:\/\/www.uartes.edu.ec\/sitio\/wp-content\/uploads\/2026\/04\/Proyecto-Cambiar-tamano-de-imagen-2026-04-26T150000.611-396x360.jpeg",396,360,true],"gb-block-post-grid-landscape":["https:\/\/www.uartes.edu.ec\/sitio\/wp-content\/uploads\/2026\/04\/Proyecto-Cambiar-tamano-de-imagen-2026-04-26T150000.611-600x400.jpeg",600,400,true],"gb-block-post-grid-square":["https:\/\/www.uartes.edu.ec\/sitio\/wp-content\/uploads\/2026\/04\/Proyecto-Cambiar-tamano-de-imagen-2026-04-26T150000.611-600x600.jpeg",600,600,true],"university-hub-thumb":["https:\/\/www.uartes.edu.ec\/sitio\/wp-content\/uploads\/2026\/04\/Proyecto-Cambiar-tamano-de-imagen-2026-04-26T150000.611-400x267.jpeg",400,267,true]},"uagb_author_info":{"display_name":"ccortez","author_link":"https:\/\/www.uartes.edu.ec\/sitio\/blog\/author\/ccortez\/"},"uagb_comment_info":0,"uagb_excerpt":"Como un espacio para el di\u00e1logo y la integraci\u00f3n concibi\u00f3 la Escuela de Literatura la bienvenida que dio a sus estudiantes en el inicio del IS 2026. Junto con su directora, Solange Rodr\u00edguez, y los coordinadores de las carreras de Literatura, Siomara Espa\u00f1a, y Educaci\u00f3n Art\u00edstica Intercultural, Jorge Tigrero, los alumnos fueron recibidos por la&hellip;","featured_image_src":"https:\/\/www.uartes.edu.ec\/sitio\/wp-content\/uploads\/2026\/04\/Proyecto-Cambiar-tamano-de-imagen-2026-04-26T150000.611-600x400.jpeg","featured_image_src_square":"https:\/\/www.uartes.edu.ec\/sitio\/wp-content\/uploads\/2026\/04\/Proyecto-Cambiar-tamano-de-imagen-2026-04-26T150000.611-600x600.jpeg","author_info":{"display_name":"ccortez","author_link":"https:\/\/www.uartes.edu.ec\/sitio\/blog\/author\/ccortez\/"},"publishpress_future_workflow_manual_trigger":{"enabledWorkflows":[]},"distributor_meta":false,"distributor_terms":false,"distributor_media":false,"distributor_original_site_name":"Universidad de las Artes","distributor_original_site_url":"https:\/\/www.uartes.edu.ec\/sitio","push-errors":false,"_links":{"self":[{"href":"https:\/\/www.uartes.edu.ec\/sitio\/wp-json\/wp\/v2\/posts\/89808","targetHints":{"allow":["GET"]}}],"collection":[{"href":"https:\/\/www.uartes.edu.ec\/sitio\/wp-json\/wp\/v2\/posts"}],"about":[{"href":"https:\/\/www.uartes.edu.ec\/sitio\/wp-json\/wp\/v2\/types\/post"}],"author":[{"embeddable":true,"href":"https:\/\/www.uartes.edu.ec\/sitio\/wp-json\/wp\/v2\/users\/10"}],"replies":[{"embeddable":true,"href":"https:\/\/www.uartes.edu.ec\/sitio\/wp-json\/wp\/v2\/comments?post=89808"}],"version-history":[{"count":6,"href":"https:\/\/www.uartes.edu.ec\/sitio\/wp-json\/wp\/v2\/posts\/89808\/revisions"}],"predecessor-version":[{"id":89877,"href":"https:\/\/www.uartes.edu.ec\/sitio\/wp-json\/wp\/v2\/posts\/89808\/revisions\/89877"}],"wp:featuredmedia":[{"embeddable":true,"href":"https:\/\/www.uartes.edu.ec\/sitio\/wp-json\/wp\/v2\/media\/89810"}],"wp:attachment":[{"href":"https:\/\/www.uartes.edu.ec\/sitio\/wp-json\/wp\/v2\/media?parent=89808"}],"wp:term":[{"taxonomy":"category","embeddable":true,"href":"https:\/\/www.uartes.edu.ec\/sitio\/wp-json\/wp\/v2\/categories?post=89808"},{"taxonomy":"post_tag","embeddable":true,"href":"https:\/\/www.uartes.edu.ec\/sitio\/wp-json\/wp\/v2\/tags?post=89808"},{"taxonomy":"infouartes","embeddable":true,"href":"https:\/\/www.uartes.edu.ec\/sitio\/wp-json\/wp\/v2\/infouartes?post=89808"}],"curies":[{"name":"wp","href":"https:\/\/api.w.org\/{rel}","templated":true}]}}