{"id":89831,"date":"2026-04-27T18:12:00","date_gmt":"2026-04-27T23:12:00","guid":{"rendered":"https:\/\/www.uartes.edu.ec\/sitio\/?p=89831"},"modified":"2026-04-28T19:23:05","modified_gmt":"2026-04-29T00:23:05","slug":"de-la-residencia-internacional-starts-que-cumplio-en-brasil-anthony-tandazo-fue-invitado-a-eventos-en-europa","status":"publish","type":"post","link":"https:\/\/www.uartes.edu.ec\/sitio\/blog\/2026\/04\/27\/de-la-residencia-internacional-starts-que-cumplio-en-brasil-anthony-tandazo-fue-invitado-a-eventos-en-europa\/","title":{"rendered":"De la residencia internacional STARTS que cumpli\u00f3 en Brasil, Anthony Tandazo fue invitado a eventos en Europa"},"content":{"rendered":"\n<p>Gan\u00f3 una convocatoria interna que lanz\u00f3 la Direcci\u00f3n de Relaciones Internacionales de la Universidad de las Artes, para circulaci\u00f3n de obra e intervenci\u00f3n en el evento acad\u00e9mico y cultural \u201cInterculturarte 2024\u201d. Esta lo llev\u00f3 a Brasil, donde cumpli\u00f3 las dos fases del programa de residencias de Science, Technology and Arts (STARTS). Anthony Tandazo, estudiante de la carrera de Artes Musicales y Sonoras de la Universidad de las Artes, ya en titulaci\u00f3n, vivi\u00f3 esa experiencia y m\u00e1s.<\/p>\n\n\n\n<p>Y es que en Brasil no solo termin\u00f3 de desarrollar su proyecto, sino que tuvo la oportunidad de compartir su proceso art\u00edstico con estudiantes, artistas locales y otras personas interesadas. Pero hay m\u00e1s. Anthony Tandazo fue invitado a Europa a presentar su proyecto en varios eventos, como el Festival IMPAKT, en Utrecht (Pa\u00edses Bajos), y al Ocean Space, en Venecia.<\/p>\n\n\n\n<p>Contactado por InfoUArtes, el estudiante indic\u00f3 que la segunda parte de la residencia que realiz\u00f3 en Brasil, en el marco del programa STARTS Buen-TEK, estuvo trabajando en Fortaleza (Brasil) durante todo el mes de febrero. Su proyecto, \u201cDi\u00e1logos Sonoros\u201d, lo llev\u00f3 a investigar y grabar sonidos de Guayaquil y la ciudad brasile\u00f1a Fortaleza.<\/p>\n\n\n<div class=\"wp-block-image\">\n<figure class=\"aligncenter size-large\"><img fetchpriority=\"high\" decoding=\"async\" width=\"644\" height=\"429\" src=\"https:\/\/www.uartes.edu.ec\/sitio\/wp-content\/uploads\/2026\/04\/Proyecto-Cambiar-tamano-de-imagen-2026-04-27T165800.315-644x429.jpeg\" alt=\"\" class=\"wp-image-89851\" srcset=\"https:\/\/www.uartes.edu.ec\/sitio\/wp-content\/uploads\/2026\/04\/Proyecto-Cambiar-tamano-de-imagen-2026-04-27T165800.315-644x429.jpeg 644w, https:\/\/www.uartes.edu.ec\/sitio\/wp-content\/uploads\/2026\/04\/Proyecto-Cambiar-tamano-de-imagen-2026-04-27T165800.315-300x200.jpeg 300w, https:\/\/www.uartes.edu.ec\/sitio\/wp-content\/uploads\/2026\/04\/Proyecto-Cambiar-tamano-de-imagen-2026-04-27T165800.315-768x512.jpeg 768w, https:\/\/www.uartes.edu.ec\/sitio\/wp-content\/uploads\/2026\/04\/Proyecto-Cambiar-tamano-de-imagen-2026-04-27T165800.315-1536x1024.jpeg 1536w, https:\/\/www.uartes.edu.ec\/sitio\/wp-content\/uploads\/2026\/04\/Proyecto-Cambiar-tamano-de-imagen-2026-04-27T165800.315-18x12.jpeg 18w, https:\/\/www.uartes.edu.ec\/sitio\/wp-content\/uploads\/2026\/04\/Proyecto-Cambiar-tamano-de-imagen-2026-04-27T165800.315-600x400.jpeg 600w, https:\/\/www.uartes.edu.ec\/sitio\/wp-content\/uploads\/2026\/04\/Proyecto-Cambiar-tamano-de-imagen-2026-04-27T165800.315-400x267.jpeg 400w, https:\/\/www.uartes.edu.ec\/sitio\/wp-content\/uploads\/2026\/04\/Proyecto-Cambiar-tamano-de-imagen-2026-04-27T165800.315.jpeg 2000w\" sizes=\"(max-width: 644px) 100vw, 644px\" \/><\/figure>\n<\/div>\n\n\n<p>En una anterior entrevista, el estudiante de la Escuela de Artes Sonoras cont\u00f3 que su propuesta la concibi\u00f3 sustentado en experiencias personales y compartidas, a fin de mostrar c\u00f3mo el crecimiento urbano y los entornos naturales \u201ccoexisten\u201d y \u201cluchan\u201d en las grandes ciudades, y c\u00f3mo los seres humanos han dise\u00f1ado esta coexistencia a trav\u00e9s de la urbanizaci\u00f3n. Dijo que all\u00ed entr\u00f3 el concepto de armon\u00eda del Sumak Kawsay. \u201cNo rechazar ni eliminar, sino buscar una forma de apartar lo malo hasta que deje de ser considerado malo\u201d.<\/p>\n\n\n\n<p>Agreg\u00f3 que al tener estos sonidos y las coordenadas de las zonas a investigar trat\u00f3 de hacer una especie de mapa sonoro, donde se pudiera escuchar las zonas m\u00e1s ruidosas y tratar de evitarlas. \u201cEso por la parte cient\u00edfica e investigativa. La parte art\u00edstica, que recae m\u00e1s en m\u00ed, es una intervenci\u00f3n sonora, formato <em>Live Loop<\/em> con visuales reactivos, una obra para cuarteto de cuerdas y electr\u00f3nicos que desarrollar\u00e9 en base a los sonidos y coordenadas que he recolectado en estos meses\u201d.&nbsp;<\/p>\n\n\n\n<p>De su segundo viaje a Brasil, que es la fase dos ya mencionada, Anthony Tandazo expres\u00f3 que parte de la residencia fue organizar un workshop en la ciudad de Fortaleza. \u201cTrabajamos desde la escucha de la ciudad. Fue un espacio bastante abierto, m\u00e1s experimental que t\u00e9cnico, en el que pude conocer m\u00e1s sobre la vida en esa ciudad y c\u00f3mo sus habitantes la perciben. Analizamos los sonidos del entorno y hablamos sobre c\u00f3mo el ruido y el paisaje sonoro tambi\u00e9n pueden leerse como una forma de entender la desigualdad urbana. Fue muy interesante para m\u00ed, porque, adem\u00e1s de ser la primera vez que hago un workshop, conoc\u00ed e hice contacto con muchos artistas de la ciudad con los que a\u00fan tengo contacto\u201d.&nbsp;<\/p>\n\n\n<div class=\"wp-block-image\">\n<figure class=\"aligncenter size-large\"><img decoding=\"async\" width=\"644\" height=\"429\" src=\"https:\/\/www.uartes.edu.ec\/sitio\/wp-content\/uploads\/2026\/04\/Proyecto-Cambiar-tamano-de-imagen-2026-04-28T095225.431-644x429.jpeg\" alt=\"\" class=\"wp-image-89852\" srcset=\"https:\/\/www.uartes.edu.ec\/sitio\/wp-content\/uploads\/2026\/04\/Proyecto-Cambiar-tamano-de-imagen-2026-04-28T095225.431-644x429.jpeg 644w, https:\/\/www.uartes.edu.ec\/sitio\/wp-content\/uploads\/2026\/04\/Proyecto-Cambiar-tamano-de-imagen-2026-04-28T095225.431-300x200.jpeg 300w, https:\/\/www.uartes.edu.ec\/sitio\/wp-content\/uploads\/2026\/04\/Proyecto-Cambiar-tamano-de-imagen-2026-04-28T095225.431-768x512.jpeg 768w, https:\/\/www.uartes.edu.ec\/sitio\/wp-content\/uploads\/2026\/04\/Proyecto-Cambiar-tamano-de-imagen-2026-04-28T095225.431-1536x1024.jpeg 1536w, https:\/\/www.uartes.edu.ec\/sitio\/wp-content\/uploads\/2026\/04\/Proyecto-Cambiar-tamano-de-imagen-2026-04-28T095225.431-18x12.jpeg 18w, https:\/\/www.uartes.edu.ec\/sitio\/wp-content\/uploads\/2026\/04\/Proyecto-Cambiar-tamano-de-imagen-2026-04-28T095225.431-600x400.jpeg 600w, https:\/\/www.uartes.edu.ec\/sitio\/wp-content\/uploads\/2026\/04\/Proyecto-Cambiar-tamano-de-imagen-2026-04-28T095225.431-400x267.jpeg 400w, https:\/\/www.uartes.edu.ec\/sitio\/wp-content\/uploads\/2026\/04\/Proyecto-Cambiar-tamano-de-imagen-2026-04-28T095225.431.jpeg 2000w\" sizes=\"(max-width: 644px) 100vw, 644px\" \/><\/figure>\n<\/div>\n\n<div class=\"wp-block-image\">\n<figure class=\"aligncenter size-large is-resized\"><img decoding=\"async\" width=\"644\" height=\"429\" src=\"https:\/\/www.uartes.edu.ec\/sitio\/wp-content\/uploads\/2026\/04\/Proyecto-Cambiar-tamano-de-imagen-2026-04-28T113110.998-644x429.jpeg\" alt=\"\" class=\"wp-image-89853\" style=\"aspect-ratio:1.5011837552358405;width:527px;height:auto\" srcset=\"https:\/\/www.uartes.edu.ec\/sitio\/wp-content\/uploads\/2026\/04\/Proyecto-Cambiar-tamano-de-imagen-2026-04-28T113110.998-644x429.jpeg 644w, https:\/\/www.uartes.edu.ec\/sitio\/wp-content\/uploads\/2026\/04\/Proyecto-Cambiar-tamano-de-imagen-2026-04-28T113110.998-300x200.jpeg 300w, https:\/\/www.uartes.edu.ec\/sitio\/wp-content\/uploads\/2026\/04\/Proyecto-Cambiar-tamano-de-imagen-2026-04-28T113110.998-768x512.jpeg 768w, https:\/\/www.uartes.edu.ec\/sitio\/wp-content\/uploads\/2026\/04\/Proyecto-Cambiar-tamano-de-imagen-2026-04-28T113110.998-1536x1024.jpeg 1536w, https:\/\/www.uartes.edu.ec\/sitio\/wp-content\/uploads\/2026\/04\/Proyecto-Cambiar-tamano-de-imagen-2026-04-28T113110.998-18x12.jpeg 18w, https:\/\/www.uartes.edu.ec\/sitio\/wp-content\/uploads\/2026\/04\/Proyecto-Cambiar-tamano-de-imagen-2026-04-28T113110.998-600x400.jpeg 600w, https:\/\/www.uartes.edu.ec\/sitio\/wp-content\/uploads\/2026\/04\/Proyecto-Cambiar-tamano-de-imagen-2026-04-28T113110.998-400x267.jpeg 400w, https:\/\/www.uartes.edu.ec\/sitio\/wp-content\/uploads\/2026\/04\/Proyecto-Cambiar-tamano-de-imagen-2026-04-28T113110.998.jpeg 2000w\" sizes=\"(max-width: 644px) 100vw, 644px\" \/><\/figure>\n<\/div>\n\n\n<p>A\u00f1adi\u00f3 que para la fase final de la residencia hizo una presentaci\u00f3n del proyecto en la universidad, donde pudo mostrar el proceso que ven\u00eda desarrollando: desde las grabaciones de campo hasta el uso de datos de movilidad y herramientas algor\u00edtmicas. Los cient\u00edficos y otros artistas que lo ayudaron durante la residencia tambi\u00e9n expusieron todo el proceso.&nbsp;<\/p>\n\n\n\n<p>\u201cLa presentaci\u00f3n se dio en la biblioteca de la universidad, con la asistencia de alumnos, docentes y personal acad\u00e9mico. Pude por primera vez tocar la obra y lo hice en compa\u00f1\u00eda del cuarteto de cuerdas de la universidad. La obra, que se crea en vivo a partir de la pr\u00e1ctica de <em>Live Looping<\/em>, se transforma, cambia e incomoda\u201d.<\/p>\n\n\n\n<p>\u201cLos sonidos que grab\u00e9 en las ciudades de Guayaquil (Ecuador) y Fortaleza (Brasil), se mezclan y editan en vivo, creando nuevas sonoridades junto con datos de movilidad y procesos algor\u00edtmicos. Todo esto se activa en tiempo real, generando una experiencia donde sonido e imagen se afectan mutuamente\u201d.<\/p>\n\n\n\n<p>Cont\u00f3 que la obra tambi\u00e9n cuenta con una parte visual. \u201cAl grabar sonidos iba tambi\u00e9n tomando fotograf\u00edas de la ciudad. Mi idea era que los sonidos de la ciudad transformasen las fotos, cambiando su forma, color y movimientos, as\u00ed como el ruido tambi\u00e9n nos moldea a nosotros\u201d.<\/p>\n\n\n<div class=\"wp-block-image\">\n<figure class=\"aligncenter size-large\"><img loading=\"lazy\" decoding=\"async\" width=\"644\" height=\"429\" src=\"https:\/\/www.uartes.edu.ec\/sitio\/wp-content\/uploads\/2026\/04\/Proyecto-Cambiar-tamano-de-imagen-2026-04-27T165701.198-644x429.jpeg\" alt=\"\" class=\"wp-image-89854\" srcset=\"https:\/\/www.uartes.edu.ec\/sitio\/wp-content\/uploads\/2026\/04\/Proyecto-Cambiar-tamano-de-imagen-2026-04-27T165701.198-644x429.jpeg 644w, https:\/\/www.uartes.edu.ec\/sitio\/wp-content\/uploads\/2026\/04\/Proyecto-Cambiar-tamano-de-imagen-2026-04-27T165701.198-300x200.jpeg 300w, https:\/\/www.uartes.edu.ec\/sitio\/wp-content\/uploads\/2026\/04\/Proyecto-Cambiar-tamano-de-imagen-2026-04-27T165701.198-768x512.jpeg 768w, https:\/\/www.uartes.edu.ec\/sitio\/wp-content\/uploads\/2026\/04\/Proyecto-Cambiar-tamano-de-imagen-2026-04-27T165701.198-1536x1024.jpeg 1536w, https:\/\/www.uartes.edu.ec\/sitio\/wp-content\/uploads\/2026\/04\/Proyecto-Cambiar-tamano-de-imagen-2026-04-27T165701.198-18x12.jpeg 18w, https:\/\/www.uartes.edu.ec\/sitio\/wp-content\/uploads\/2026\/04\/Proyecto-Cambiar-tamano-de-imagen-2026-04-27T165701.198-600x400.jpeg 600w, https:\/\/www.uartes.edu.ec\/sitio\/wp-content\/uploads\/2026\/04\/Proyecto-Cambiar-tamano-de-imagen-2026-04-27T165701.198-400x267.jpeg 400w, https:\/\/www.uartes.edu.ec\/sitio\/wp-content\/uploads\/2026\/04\/Proyecto-Cambiar-tamano-de-imagen-2026-04-27T165701.198.jpeg 2000w\" sizes=\"(max-width: 644px) 100vw, 644px\" \/><\/figure>\n<\/div>\n\n\n<p>El artista revel\u00f3 que cuando se refiri\u00f3 a que la obra incomoda, lo dijo porque \u201cal exponer los ruidos de la ciudad algunas personas se alejaban del sonido, por lo ruidoso y molesto que resultaba. Era parte del proyecto esto, el exponer a las personas a ese ruido que est\u00e1 presente todos los d\u00edas, pero que hemos normalizado\u201d.&nbsp;<\/p>\n\n\n\n<p>Fue al finalizar la residencia que los consorcios que auspiciaron su proyecto, SONY CLS, se interesaron en presentarlo en algunos eventos en Europa. As\u00ed surgieron las invitaciones para presentaciones del 10 al 19 de abril. \u201cEl primer evento fue en Utrecht, Pa\u00edses Bajos, en el festival IMPAKT, donde pude exponer m\u00e1s sobre el proceso de creaci\u00f3n y colaboraci\u00f3n con los docentes de UNIFOR y SONY CSL. En este festival pude hacer contacto con algunos investigadores y otros artistas que se vieron interesados en la propuesta\u201d.<\/p>\n\n\n\n<p>No obstante, el evento principal fue en Venecia, expres\u00f3, detallando que fue invitado a presentar su proyecto en Ocean Space,un espacio enfocado en el arte, la investigaci\u00f3n y el activismo ambiental. Ah\u00ed pudo tocar la obra y otra vez exponer al p\u00fablico a esos ambientes que todos percibimos en Guayaquil.<\/p>\n\n\n<div class=\"wp-block-image\">\n<figure class=\"aligncenter size-large\"><img loading=\"lazy\" decoding=\"async\" width=\"644\" height=\"429\" src=\"https:\/\/www.uartes.edu.ec\/sitio\/wp-content\/uploads\/2026\/04\/Proyecto-Cambiar-tamano-de-imagen-2026-04-28T113405.750-644x429.jpeg\" alt=\"\" class=\"wp-image-89855\" srcset=\"https:\/\/www.uartes.edu.ec\/sitio\/wp-content\/uploads\/2026\/04\/Proyecto-Cambiar-tamano-de-imagen-2026-04-28T113405.750-644x429.jpeg 644w, https:\/\/www.uartes.edu.ec\/sitio\/wp-content\/uploads\/2026\/04\/Proyecto-Cambiar-tamano-de-imagen-2026-04-28T113405.750-300x200.jpeg 300w, https:\/\/www.uartes.edu.ec\/sitio\/wp-content\/uploads\/2026\/04\/Proyecto-Cambiar-tamano-de-imagen-2026-04-28T113405.750-768x512.jpeg 768w, https:\/\/www.uartes.edu.ec\/sitio\/wp-content\/uploads\/2026\/04\/Proyecto-Cambiar-tamano-de-imagen-2026-04-28T113405.750-1536x1024.jpeg 1536w, https:\/\/www.uartes.edu.ec\/sitio\/wp-content\/uploads\/2026\/04\/Proyecto-Cambiar-tamano-de-imagen-2026-04-28T113405.750-18x12.jpeg 18w, https:\/\/www.uartes.edu.ec\/sitio\/wp-content\/uploads\/2026\/04\/Proyecto-Cambiar-tamano-de-imagen-2026-04-28T113405.750-600x400.jpeg 600w, https:\/\/www.uartes.edu.ec\/sitio\/wp-content\/uploads\/2026\/04\/Proyecto-Cambiar-tamano-de-imagen-2026-04-28T113405.750-400x267.jpeg 400w, https:\/\/www.uartes.edu.ec\/sitio\/wp-content\/uploads\/2026\/04\/Proyecto-Cambiar-tamano-de-imagen-2026-04-28T113405.750.jpeg 2000w\" sizes=\"(max-width: 644px) 100vw, 644px\" \/><\/figure>\n<\/div>\n\n\n<p>\u201cEl mostrar este proyecto en Europa me ayud\u00f3 a ampliar las opiniones y percepciones de personas que normalmente est\u00e1n acostumbradas a entornos tranquilos y m\u00e1s controlados, como lo es en Europa.&nbsp;El proyecto cambia dependiendo del contexto. En Venecia, por ejemplo, la relaci\u00f3n con el agua y el ritmo de la ciudad genera otra forma de escucha, una m\u00e1s \u2018tranquila\u2019, talvez porque sus habitantes no est\u00e1n expuestos al sonido de autos, buses\u201d.&nbsp;<\/p>\n\n\n\n<p>El pr\u00f3ximo licenciado UArtes manifest\u00f3 que, en lo personal, la experiencia ha sido muy enriquecedora, puesto que lo ayud\u00f3 a expandir sus opiniones, t\u00e9cnicas de trabajo y formas de ver el mundo del sonido. Las conversaciones, las preguntas, la forma en que otras personas se conectan con la obra es algo que siempre tendr\u00e1 presente.<\/p>\n\n\n\n<p>\u201cAhora que termin\u00f3 todo el proceso, solo puedo afirmar que el coraz\u00f3n de todo est\u00e1 en la comunidad y la colaboraci\u00f3n que se dio. Trabajar con personas de Brasil, Italia y Espa\u00f1a, todos hablando un idioma que no era nuestro (ingl\u00e9s) y aun as\u00ed conectar, fue algo que nos hizo recordar que el arte es un puente entre todos\u201d.&nbsp;<\/p>\n\n\n\n<p>Texto y fotos: colaboraci\u00f3n de Anthony Tandazo\/Escuela de Artes Sonoras. Edici\u00f3n: Carmen Cortez\/Dircom.<\/p>\n","protected":false},"excerpt":{"rendered":"<p>Anthony Tandazo gan\u00f3 en el 2025 la residencia internacional STARTS, la cual cumpli\u00f3 en dos fases en la Universidad de Fortaleza (UNIFOR) de Brasil. All\u00ed no solo termin\u00f3 de desarrollar su proyecto, sino que comparti\u00f3 su proceso art\u00edstico con estudiantes y artistas locales. Pero hay m\u00e1s, el estudiante de Artes Sonoras fue invitado a Europa para participar en el Festival IMPAKT, en Utrecht en Pa\u00edses Bajos, y Ocean Space, en Venecia. <\/p>\n","protected":false},"author":10,"featured_media":89850,"comment_status":"open","ping_status":"open","sticky":false,"template":"","format":"standard","meta":{"_acf_changed":false,"_uag_custom_page_level_css":"","_monsterinsights_skip_tracking":false,"_monsterinsights_sitenote_active":false,"_monsterinsights_sitenote_note":"","_monsterinsights_sitenote_category":0,"cybocfi_hide_featured_image":"","footnotes":""},"categories":[80,82,150,76],"tags":[518],"infouartes":[],"class_list":["post-89831","post","type-post","status-publish","format-standard","has-post-thumbnail","hentry","category-academico","category-artes","category-artes-sonoras","category-estudiantes","tag-produccion"],"acf":[],"yoast_head":"<!-- This site is optimized with the Yoast SEO plugin v27.4 - https:\/\/yoast.com\/product\/yoast-seo-wordpress\/ -->\n<title>Universidad de las Artes - De la residencia internacional STARTS que cumpli\u00f3 en Brasil, Anthony Tandazo fue invitado a eventos en Europa<\/title>\n<meta name=\"description\" content=\"Universidad de las Artes - De la residencia internacional STARTS que cumpli\u00f3 en Brasil, Anthony Tandazo fue invitado a eventos en Europa\" \/>\n<meta name=\"robots\" content=\"index, follow, max-snippet:-1, max-image-preview:large, max-video-preview:-1\" \/>\n<link rel=\"canonical\" href=\"https:\/\/www.uartes.edu.ec\/sitio\/blog\/2026\/04\/27\/de-la-residencia-internacional-starts-que-cumplio-en-brasil-anthony-tandazo-fue-invitado-a-eventos-en-europa\/\" \/>\n<meta property=\"og:locale\" content=\"es_ES\" \/>\n<meta property=\"og:type\" content=\"article\" \/>\n<meta property=\"og:title\" content=\"Universidad de las Artes - De la residencia internacional STARTS que cumpli\u00f3 en Brasil, Anthony Tandazo fue invitado a eventos en Europa\" \/>\n<meta property=\"og:description\" content=\"Universidad de las Artes - De la residencia internacional STARTS que cumpli\u00f3 en Brasil, Anthony Tandazo fue invitado a eventos en Europa\" \/>\n<meta property=\"og:url\" content=\"https:\/\/www.uartes.edu.ec\/sitio\/blog\/2026\/04\/27\/de-la-residencia-internacional-starts-que-cumplio-en-brasil-anthony-tandazo-fue-invitado-a-eventos-en-europa\/\" \/>\n<meta property=\"og:site_name\" content=\"Universidad de las Artes\" \/>\n<meta property=\"article:publisher\" content=\"https:\/\/www.facebook.com\/uartesec\" \/>\n<meta property=\"article:published_time\" content=\"2026-04-27T23:12:00+00:00\" \/>\n<meta property=\"article:modified_time\" content=\"2026-04-29T00:23:05+00:00\" \/>\n<meta property=\"og:image\" content=\"https:\/\/www.uartes.edu.ec\/sitio\/wp-content\/uploads\/2026\/04\/Proyecto-Cambiar-tamano-de-imagen-2026-04-27T165951.002.jpeg\" \/>\n\t<meta property=\"og:image:width\" content=\"2000\" \/>\n\t<meta property=\"og:image:height\" content=\"1333\" \/>\n\t<meta property=\"og:image:type\" content=\"image\/jpeg\" \/>\n<meta name=\"author\" content=\"ccortez\" \/>\n<meta name=\"twitter:card\" content=\"summary_large_image\" \/>\n<meta name=\"twitter:creator\" content=\"@uartesec\" \/>\n<meta name=\"twitter:site\" content=\"@uartesec\" \/>\n<meta name=\"twitter:label1\" content=\"Escrito por\" \/>\n\t<meta name=\"twitter:data1\" content=\"ccortez\" \/>\n\t<meta name=\"twitter:label2\" content=\"Tiempo de lectura\" \/>\n\t<meta name=\"twitter:data2\" content=\"7 minutos\" \/>\n<script type=\"application\/ld+json\" class=\"yoast-schema-graph\">{\"@context\":\"https:\\\/\\\/schema.org\",\"@graph\":[{\"@type\":\"Article\",\"@id\":\"https:\\\/\\\/www.uartes.edu.ec\\\/sitio\\\/blog\\\/2026\\\/04\\\/27\\\/de-la-residencia-internacional-starts-que-cumplio-en-brasil-anthony-tandazo-fue-invitado-a-eventos-en-europa\\\/#article\",\"isPartOf\":{\"@id\":\"https:\\\/\\\/www.uartes.edu.ec\\\/sitio\\\/blog\\\/2026\\\/04\\\/27\\\/de-la-residencia-internacional-starts-que-cumplio-en-brasil-anthony-tandazo-fue-invitado-a-eventos-en-europa\\\/\"},\"author\":{\"name\":\"ccortez\",\"@id\":\"https:\\\/\\\/www.uartes.edu.ec\\\/sitio\\\/#\\\/schema\\\/person\\\/efa1b8275797664fd7f13a79ccc0b1f4\"},\"headline\":\"De la residencia internacional STARTS que cumpli\u00f3 en Brasil, Anthony Tandazo fue invitado a eventos en Europa\",\"datePublished\":\"2026-04-27T23:12:00+00:00\",\"dateModified\":\"2026-04-29T00:23:05+00:00\",\"mainEntityOfPage\":{\"@id\":\"https:\\\/\\\/www.uartes.edu.ec\\\/sitio\\\/blog\\\/2026\\\/04\\\/27\\\/de-la-residencia-internacional-starts-que-cumplio-en-brasil-anthony-tandazo-fue-invitado-a-eventos-en-europa\\\/\"},\"wordCount\":1170,\"commentCount\":0,\"publisher\":{\"@id\":\"https:\\\/\\\/www.uartes.edu.ec\\\/sitio\\\/#organization\"},\"image\":{\"@id\":\"https:\\\/\\\/www.uartes.edu.ec\\\/sitio\\\/blog\\\/2026\\\/04\\\/27\\\/de-la-residencia-internacional-starts-que-cumplio-en-brasil-anthony-tandazo-fue-invitado-a-eventos-en-europa\\\/#primaryimage\"},\"thumbnailUrl\":\"https:\\\/\\\/www.uartes.edu.ec\\\/sitio\\\/wp-content\\\/uploads\\\/2026\\\/04\\\/Proyecto-Cambiar-tamano-de-imagen-2026-04-27T165951.002.jpeg\",\"keywords\":[\"producci\u00f3n\"],\"articleSection\":[\"Acad\u00e9mico\",\"Artes\",\"Artes Sonoras\",\"Estudiantes\"],\"inLanguage\":\"es\",\"potentialAction\":[{\"@type\":\"CommentAction\",\"name\":\"Comment\",\"target\":[\"https:\\\/\\\/www.uartes.edu.ec\\\/sitio\\\/blog\\\/2026\\\/04\\\/27\\\/de-la-residencia-internacional-starts-que-cumplio-en-brasil-anthony-tandazo-fue-invitado-a-eventos-en-europa\\\/#respond\"]}]},{\"@type\":[\"WebPage\",\"ItemPage\"],\"@id\":\"https:\\\/\\\/www.uartes.edu.ec\\\/sitio\\\/blog\\\/2026\\\/04\\\/27\\\/de-la-residencia-internacional-starts-que-cumplio-en-brasil-anthony-tandazo-fue-invitado-a-eventos-en-europa\\\/\",\"url\":\"https:\\\/\\\/www.uartes.edu.ec\\\/sitio\\\/blog\\\/2026\\\/04\\\/27\\\/de-la-residencia-internacional-starts-que-cumplio-en-brasil-anthony-tandazo-fue-invitado-a-eventos-en-europa\\\/\",\"name\":\"Universidad de las Artes - De la residencia internacional STARTS que cumpli\u00f3 en Brasil, Anthony Tandazo fue invitado a eventos en Europa\",\"isPartOf\":{\"@id\":\"https:\\\/\\\/www.uartes.edu.ec\\\/sitio\\\/#website\"},\"primaryImageOfPage\":{\"@id\":\"https:\\\/\\\/www.uartes.edu.ec\\\/sitio\\\/blog\\\/2026\\\/04\\\/27\\\/de-la-residencia-internacional-starts-que-cumplio-en-brasil-anthony-tandazo-fue-invitado-a-eventos-en-europa\\\/#primaryimage\"},\"image\":{\"@id\":\"https:\\\/\\\/www.uartes.edu.ec\\\/sitio\\\/blog\\\/2026\\\/04\\\/27\\\/de-la-residencia-internacional-starts-que-cumplio-en-brasil-anthony-tandazo-fue-invitado-a-eventos-en-europa\\\/#primaryimage\"},\"thumbnailUrl\":\"https:\\\/\\\/www.uartes.edu.ec\\\/sitio\\\/wp-content\\\/uploads\\\/2026\\\/04\\\/Proyecto-Cambiar-tamano-de-imagen-2026-04-27T165951.002.jpeg\",\"datePublished\":\"2026-04-27T23:12:00+00:00\",\"dateModified\":\"2026-04-29T00:23:05+00:00\",\"description\":\"Universidad de las Artes - De la residencia internacional STARTS que cumpli\u00f3 en Brasil, Anthony Tandazo fue invitado a eventos en Europa\",\"breadcrumb\":{\"@id\":\"https:\\\/\\\/www.uartes.edu.ec\\\/sitio\\\/blog\\\/2026\\\/04\\\/27\\\/de-la-residencia-internacional-starts-que-cumplio-en-brasil-anthony-tandazo-fue-invitado-a-eventos-en-europa\\\/#breadcrumb\"},\"inLanguage\":\"es\",\"potentialAction\":[{\"@type\":\"ReadAction\",\"target\":[\"https:\\\/\\\/www.uartes.edu.ec\\\/sitio\\\/blog\\\/2026\\\/04\\\/27\\\/de-la-residencia-internacional-starts-que-cumplio-en-brasil-anthony-tandazo-fue-invitado-a-eventos-en-europa\\\/\"]}]},{\"@type\":\"ImageObject\",\"inLanguage\":\"es\",\"@id\":\"https:\\\/\\\/www.uartes.edu.ec\\\/sitio\\\/blog\\\/2026\\\/04\\\/27\\\/de-la-residencia-internacional-starts-que-cumplio-en-brasil-anthony-tandazo-fue-invitado-a-eventos-en-europa\\\/#primaryimage\",\"url\":\"https:\\\/\\\/www.uartes.edu.ec\\\/sitio\\\/wp-content\\\/uploads\\\/2026\\\/04\\\/Proyecto-Cambiar-tamano-de-imagen-2026-04-27T165951.002.jpeg\",\"contentUrl\":\"https:\\\/\\\/www.uartes.edu.ec\\\/sitio\\\/wp-content\\\/uploads\\\/2026\\\/04\\\/Proyecto-Cambiar-tamano-de-imagen-2026-04-27T165951.002.jpeg\",\"width\":2000,\"height\":1333},{\"@type\":\"BreadcrumbList\",\"@id\":\"https:\\\/\\\/www.uartes.edu.ec\\\/sitio\\\/blog\\\/2026\\\/04\\\/27\\\/de-la-residencia-internacional-starts-que-cumplio-en-brasil-anthony-tandazo-fue-invitado-a-eventos-en-europa\\\/#breadcrumb\",\"itemListElement\":[{\"@type\":\"ListItem\",\"position\":1,\"name\":\"Inicio\",\"item\":\"https:\\\/\\\/www.uartes.edu.ec\\\/sitio\\\/\"},{\"@type\":\"ListItem\",\"position\":2,\"name\":\"De la residencia internacional STARTS que cumpli\u00f3 en Brasil, Anthony Tandazo fue invitado a eventos en Europa\"}]},{\"@type\":\"WebSite\",\"@id\":\"https:\\\/\\\/www.uartes.edu.ec\\\/sitio\\\/#website\",\"url\":\"https:\\\/\\\/www.uartes.edu.ec\\\/sitio\\\/\",\"name\":\"Universidad de las Artes\",\"description\":\"Sitio oficial de la Universidad Nacional de las Artes del Ecuador\",\"publisher\":{\"@id\":\"https:\\\/\\\/www.uartes.edu.ec\\\/sitio\\\/#organization\"},\"potentialAction\":[{\"@type\":\"SearchAction\",\"target\":{\"@type\":\"EntryPoint\",\"urlTemplate\":\"https:\\\/\\\/www.uartes.edu.ec\\\/sitio\\\/?s={search_term_string}\"},\"query-input\":{\"@type\":\"PropertyValueSpecification\",\"valueRequired\":true,\"valueName\":\"search_term_string\"}}],\"inLanguage\":\"es\"},{\"@type\":\"Organization\",\"@id\":\"https:\\\/\\\/www.uartes.edu.ec\\\/sitio\\\/#organization\",\"name\":\"Universidad de las Artes\",\"url\":\"https:\\\/\\\/www.uartes.edu.ec\\\/sitio\\\/\",\"logo\":{\"@type\":\"ImageObject\",\"inLanguage\":\"es\",\"@id\":\"https:\\\/\\\/www.uartes.edu.ec\\\/sitio\\\/#\\\/schema\\\/logo\\\/image\\\/\",\"url\":\"https:\\\/\\\/www.uartes.edu.ec\\\/sitio\\\/wp-content\\\/uploads\\\/2022\\\/07\\\/logo-ua-horizontal.png\",\"contentUrl\":\"https:\\\/\\\/www.uartes.edu.ec\\\/sitio\\\/wp-content\\\/uploads\\\/2022\\\/07\\\/logo-ua-horizontal.png\",\"width\":800,\"height\":276,\"caption\":\"Universidad de las Artes\"},\"image\":{\"@id\":\"https:\\\/\\\/www.uartes.edu.ec\\\/sitio\\\/#\\\/schema\\\/logo\\\/image\\\/\"},\"sameAs\":[\"https:\\\/\\\/www.facebook.com\\\/uartesec\",\"https:\\\/\\\/x.com\\\/uartesec\",\"https:\\\/\\\/www.tiktok.com\\\/@uartesec\"]},{\"@type\":\"Person\",\"@id\":\"https:\\\/\\\/www.uartes.edu.ec\\\/sitio\\\/#\\\/schema\\\/person\\\/efa1b8275797664fd7f13a79ccc0b1f4\",\"name\":\"ccortez\",\"image\":{\"@type\":\"ImageObject\",\"inLanguage\":\"es\",\"@id\":\"https:\\\/\\\/secure.gravatar.com\\\/avatar\\\/b2a6f664a3ae8e074346ef91775736c5ec479e637ecced6842de9dc98b5da9cd?s=96&d=mm&r=g\",\"url\":\"https:\\\/\\\/secure.gravatar.com\\\/avatar\\\/b2a6f664a3ae8e074346ef91775736c5ec479e637ecced6842de9dc98b5da9cd?s=96&d=mm&r=g\",\"contentUrl\":\"https:\\\/\\\/secure.gravatar.com\\\/avatar\\\/b2a6f664a3ae8e074346ef91775736c5ec479e637ecced6842de9dc98b5da9cd?s=96&d=mm&r=g\",\"caption\":\"ccortez\"},\"url\":\"https:\\\/\\\/www.uartes.edu.ec\\\/sitio\\\/blog\\\/author\\\/ccortez\\\/\"}]}<\/script>\n<!-- \/ Yoast SEO plugin. -->","yoast_head_json":{"title":"Universidad de las Artes - De la residencia internacional STARTS que cumpli\u00f3 en Brasil, Anthony Tandazo fue invitado a eventos en Europa","description":"Universidad de las Artes - De la residencia internacional STARTS que cumpli\u00f3 en Brasil, Anthony Tandazo fue invitado a eventos en Europa","robots":{"index":"index","follow":"follow","max-snippet":"max-snippet:-1","max-image-preview":"max-image-preview:large","max-video-preview":"max-video-preview:-1"},"canonical":"https:\/\/www.uartes.edu.ec\/sitio\/blog\/2026\/04\/27\/de-la-residencia-internacional-starts-que-cumplio-en-brasil-anthony-tandazo-fue-invitado-a-eventos-en-europa\/","og_locale":"es_ES","og_type":"article","og_title":"Universidad de las Artes - De la residencia internacional STARTS que cumpli\u00f3 en Brasil, Anthony Tandazo fue invitado a eventos en Europa","og_description":"Universidad de las Artes - De la residencia internacional STARTS que cumpli\u00f3 en Brasil, Anthony Tandazo fue invitado a eventos en Europa","og_url":"https:\/\/www.uartes.edu.ec\/sitio\/blog\/2026\/04\/27\/de-la-residencia-internacional-starts-que-cumplio-en-brasil-anthony-tandazo-fue-invitado-a-eventos-en-europa\/","og_site_name":"Universidad de las Artes","article_publisher":"https:\/\/www.facebook.com\/uartesec","article_published_time":"2026-04-27T23:12:00+00:00","article_modified_time":"2026-04-29T00:23:05+00:00","og_image":[{"width":2000,"height":1333,"url":"https:\/\/www.uartes.edu.ec\/sitio\/wp-content\/uploads\/2026\/04\/Proyecto-Cambiar-tamano-de-imagen-2026-04-27T165951.002.jpeg","type":"image\/jpeg"}],"author":"ccortez","twitter_card":"summary_large_image","twitter_creator":"@uartesec","twitter_site":"@uartesec","twitter_misc":{"Escrito por":"ccortez","Tiempo de lectura":"7 minutos"},"schema":{"@context":"https:\/\/schema.org","@graph":[{"@type":"Article","@id":"https:\/\/www.uartes.edu.ec\/sitio\/blog\/2026\/04\/27\/de-la-residencia-internacional-starts-que-cumplio-en-brasil-anthony-tandazo-fue-invitado-a-eventos-en-europa\/#article","isPartOf":{"@id":"https:\/\/www.uartes.edu.ec\/sitio\/blog\/2026\/04\/27\/de-la-residencia-internacional-starts-que-cumplio-en-brasil-anthony-tandazo-fue-invitado-a-eventos-en-europa\/"},"author":{"name":"ccortez","@id":"https:\/\/www.uartes.edu.ec\/sitio\/#\/schema\/person\/efa1b8275797664fd7f13a79ccc0b1f4"},"headline":"De la residencia internacional STARTS que cumpli\u00f3 en Brasil, Anthony Tandazo fue invitado a eventos en Europa","datePublished":"2026-04-27T23:12:00+00:00","dateModified":"2026-04-29T00:23:05+00:00","mainEntityOfPage":{"@id":"https:\/\/www.uartes.edu.ec\/sitio\/blog\/2026\/04\/27\/de-la-residencia-internacional-starts-que-cumplio-en-brasil-anthony-tandazo-fue-invitado-a-eventos-en-europa\/"},"wordCount":1170,"commentCount":0,"publisher":{"@id":"https:\/\/www.uartes.edu.ec\/sitio\/#organization"},"image":{"@id":"https:\/\/www.uartes.edu.ec\/sitio\/blog\/2026\/04\/27\/de-la-residencia-internacional-starts-que-cumplio-en-brasil-anthony-tandazo-fue-invitado-a-eventos-en-europa\/#primaryimage"},"thumbnailUrl":"https:\/\/www.uartes.edu.ec\/sitio\/wp-content\/uploads\/2026\/04\/Proyecto-Cambiar-tamano-de-imagen-2026-04-27T165951.002.jpeg","keywords":["producci\u00f3n"],"articleSection":["Acad\u00e9mico","Artes","Artes Sonoras","Estudiantes"],"inLanguage":"es","potentialAction":[{"@type":"CommentAction","name":"Comment","target":["https:\/\/www.uartes.edu.ec\/sitio\/blog\/2026\/04\/27\/de-la-residencia-internacional-starts-que-cumplio-en-brasil-anthony-tandazo-fue-invitado-a-eventos-en-europa\/#respond"]}]},{"@type":["WebPage","ItemPage"],"@id":"https:\/\/www.uartes.edu.ec\/sitio\/blog\/2026\/04\/27\/de-la-residencia-internacional-starts-que-cumplio-en-brasil-anthony-tandazo-fue-invitado-a-eventos-en-europa\/","url":"https:\/\/www.uartes.edu.ec\/sitio\/blog\/2026\/04\/27\/de-la-residencia-internacional-starts-que-cumplio-en-brasil-anthony-tandazo-fue-invitado-a-eventos-en-europa\/","name":"Universidad de las Artes - De la residencia internacional STARTS que cumpli\u00f3 en Brasil, Anthony Tandazo fue invitado a eventos en Europa","isPartOf":{"@id":"https:\/\/www.uartes.edu.ec\/sitio\/#website"},"primaryImageOfPage":{"@id":"https:\/\/www.uartes.edu.ec\/sitio\/blog\/2026\/04\/27\/de-la-residencia-internacional-starts-que-cumplio-en-brasil-anthony-tandazo-fue-invitado-a-eventos-en-europa\/#primaryimage"},"image":{"@id":"https:\/\/www.uartes.edu.ec\/sitio\/blog\/2026\/04\/27\/de-la-residencia-internacional-starts-que-cumplio-en-brasil-anthony-tandazo-fue-invitado-a-eventos-en-europa\/#primaryimage"},"thumbnailUrl":"https:\/\/www.uartes.edu.ec\/sitio\/wp-content\/uploads\/2026\/04\/Proyecto-Cambiar-tamano-de-imagen-2026-04-27T165951.002.jpeg","datePublished":"2026-04-27T23:12:00+00:00","dateModified":"2026-04-29T00:23:05+00:00","description":"Universidad de las Artes - De la residencia internacional STARTS que cumpli\u00f3 en Brasil, Anthony Tandazo fue invitado a eventos en Europa","breadcrumb":{"@id":"https:\/\/www.uartes.edu.ec\/sitio\/blog\/2026\/04\/27\/de-la-residencia-internacional-starts-que-cumplio-en-brasil-anthony-tandazo-fue-invitado-a-eventos-en-europa\/#breadcrumb"},"inLanguage":"es","potentialAction":[{"@type":"ReadAction","target":["https:\/\/www.uartes.edu.ec\/sitio\/blog\/2026\/04\/27\/de-la-residencia-internacional-starts-que-cumplio-en-brasil-anthony-tandazo-fue-invitado-a-eventos-en-europa\/"]}]},{"@type":"ImageObject","inLanguage":"es","@id":"https:\/\/www.uartes.edu.ec\/sitio\/blog\/2026\/04\/27\/de-la-residencia-internacional-starts-que-cumplio-en-brasil-anthony-tandazo-fue-invitado-a-eventos-en-europa\/#primaryimage","url":"https:\/\/www.uartes.edu.ec\/sitio\/wp-content\/uploads\/2026\/04\/Proyecto-Cambiar-tamano-de-imagen-2026-04-27T165951.002.jpeg","contentUrl":"https:\/\/www.uartes.edu.ec\/sitio\/wp-content\/uploads\/2026\/04\/Proyecto-Cambiar-tamano-de-imagen-2026-04-27T165951.002.jpeg","width":2000,"height":1333},{"@type":"BreadcrumbList","@id":"https:\/\/www.uartes.edu.ec\/sitio\/blog\/2026\/04\/27\/de-la-residencia-internacional-starts-que-cumplio-en-brasil-anthony-tandazo-fue-invitado-a-eventos-en-europa\/#breadcrumb","itemListElement":[{"@type":"ListItem","position":1,"name":"Inicio","item":"https:\/\/www.uartes.edu.ec\/sitio\/"},{"@type":"ListItem","position":2,"name":"De la residencia internacional STARTS que cumpli\u00f3 en Brasil, Anthony Tandazo fue invitado a eventos en Europa"}]},{"@type":"WebSite","@id":"https:\/\/www.uartes.edu.ec\/sitio\/#website","url":"https:\/\/www.uartes.edu.ec\/sitio\/","name":"Universidad de las Artes","description":"Sitio oficial de la Universidad Nacional de las Artes del Ecuador","publisher":{"@id":"https:\/\/www.uartes.edu.ec\/sitio\/#organization"},"potentialAction":[{"@type":"SearchAction","target":{"@type":"EntryPoint","urlTemplate":"https:\/\/www.uartes.edu.ec\/sitio\/?s={search_term_string}"},"query-input":{"@type":"PropertyValueSpecification","valueRequired":true,"valueName":"search_term_string"}}],"inLanguage":"es"},{"@type":"Organization","@id":"https:\/\/www.uartes.edu.ec\/sitio\/#organization","name":"Universidad de las Artes","url":"https:\/\/www.uartes.edu.ec\/sitio\/","logo":{"@type":"ImageObject","inLanguage":"es","@id":"https:\/\/www.uartes.edu.ec\/sitio\/#\/schema\/logo\/image\/","url":"https:\/\/www.uartes.edu.ec\/sitio\/wp-content\/uploads\/2022\/07\/logo-ua-horizontal.png","contentUrl":"https:\/\/www.uartes.edu.ec\/sitio\/wp-content\/uploads\/2022\/07\/logo-ua-horizontal.png","width":800,"height":276,"caption":"Universidad de las Artes"},"image":{"@id":"https:\/\/www.uartes.edu.ec\/sitio\/#\/schema\/logo\/image\/"},"sameAs":["https:\/\/www.facebook.com\/uartesec","https:\/\/x.com\/uartesec","https:\/\/www.tiktok.com\/@uartesec"]},{"@type":"Person","@id":"https:\/\/www.uartes.edu.ec\/sitio\/#\/schema\/person\/efa1b8275797664fd7f13a79ccc0b1f4","name":"ccortez","image":{"@type":"ImageObject","inLanguage":"es","@id":"https:\/\/secure.gravatar.com\/avatar\/b2a6f664a3ae8e074346ef91775736c5ec479e637ecced6842de9dc98b5da9cd?s=96&d=mm&r=g","url":"https:\/\/secure.gravatar.com\/avatar\/b2a6f664a3ae8e074346ef91775736c5ec479e637ecced6842de9dc98b5da9cd?s=96&d=mm&r=g","contentUrl":"https:\/\/secure.gravatar.com\/avatar\/b2a6f664a3ae8e074346ef91775736c5ec479e637ecced6842de9dc98b5da9cd?s=96&d=mm&r=g","caption":"ccortez"},"url":"https:\/\/www.uartes.edu.ec\/sitio\/blog\/author\/ccortez\/"}]}},"uagb_featured_image_src":{"full":["https:\/\/www.uartes.edu.ec\/sitio\/wp-content\/uploads\/2026\/04\/Proyecto-Cambiar-tamano-de-imagen-2026-04-27T165951.002.jpeg",2000,1333,false],"thumbnail":["https:\/\/www.uartes.edu.ec\/sitio\/wp-content\/uploads\/2026\/04\/Proyecto-Cambiar-tamano-de-imagen-2026-04-27T165951.002-150x150.jpeg",150,150,true],"medium":["https:\/\/www.uartes.edu.ec\/sitio\/wp-content\/uploads\/2026\/04\/Proyecto-Cambiar-tamano-de-imagen-2026-04-27T165951.002-300x200.jpeg",300,200,true],"medium_large":["https:\/\/www.uartes.edu.ec\/sitio\/wp-content\/uploads\/2026\/04\/Proyecto-Cambiar-tamano-de-imagen-2026-04-27T165951.002-768x512.jpeg",768,512,true],"large":["https:\/\/www.uartes.edu.ec\/sitio\/wp-content\/uploads\/2026\/04\/Proyecto-Cambiar-tamano-de-imagen-2026-04-27T165951.002-644x429.jpeg",644,429,true],"1536x1536":["https:\/\/www.uartes.edu.ec\/sitio\/wp-content\/uploads\/2026\/04\/Proyecto-Cambiar-tamano-de-imagen-2026-04-27T165951.002-1536x1024.jpeg",1536,1024,true],"2048x2048":["https:\/\/www.uartes.edu.ec\/sitio\/wp-content\/uploads\/2026\/04\/Proyecto-Cambiar-tamano-de-imagen-2026-04-27T165951.002.jpeg",2000,1333,false],"trp-custom-language-flag":["https:\/\/www.uartes.edu.ec\/sitio\/wp-content\/uploads\/2026\/04\/Proyecto-Cambiar-tamano-de-imagen-2026-04-27T165951.002-18x12.jpeg",18,12,true],"htmega_size_585x295":["https:\/\/www.uartes.edu.ec\/sitio\/wp-content\/uploads\/2026\/04\/Proyecto-Cambiar-tamano-de-imagen-2026-04-27T165951.002-585x295.jpeg",585,295,true],"htmega_size_1170x536":["https:\/\/www.uartes.edu.ec\/sitio\/wp-content\/uploads\/2026\/04\/Proyecto-Cambiar-tamano-de-imagen-2026-04-27T165951.002-1170x536.jpeg",1170,536,true],"htmega_size_396x360":["https:\/\/www.uartes.edu.ec\/sitio\/wp-content\/uploads\/2026\/04\/Proyecto-Cambiar-tamano-de-imagen-2026-04-27T165951.002-396x360.jpeg",396,360,true],"gb-block-post-grid-landscape":["https:\/\/www.uartes.edu.ec\/sitio\/wp-content\/uploads\/2026\/04\/Proyecto-Cambiar-tamano-de-imagen-2026-04-27T165951.002-600x400.jpeg",600,400,true],"gb-block-post-grid-square":["https:\/\/www.uartes.edu.ec\/sitio\/wp-content\/uploads\/2026\/04\/Proyecto-Cambiar-tamano-de-imagen-2026-04-27T165951.002-600x600.jpeg",600,600,true],"university-hub-thumb":["https:\/\/www.uartes.edu.ec\/sitio\/wp-content\/uploads\/2026\/04\/Proyecto-Cambiar-tamano-de-imagen-2026-04-27T165951.002-400x267.jpeg",400,267,true]},"uagb_author_info":{"display_name":"ccortez","author_link":"https:\/\/www.uartes.edu.ec\/sitio\/blog\/author\/ccortez\/"},"uagb_comment_info":0,"uagb_excerpt":"Anthony Tandazo gan\u00f3 en el 2025 la residencia internacional STARTS, la cual cumpli\u00f3 en dos fases en la Universidad de Fortaleza (UNIFOR) de Brasil. All\u00ed no solo termin\u00f3 de desarrollar su proyecto, sino que comparti\u00f3 su proceso art\u00edstico con estudiantes y artistas locales. Pero hay m\u00e1s, el estudiante de Artes Sonoras fue invitado a Europa&hellip;","featured_image_src":"https:\/\/www.uartes.edu.ec\/sitio\/wp-content\/uploads\/2026\/04\/Proyecto-Cambiar-tamano-de-imagen-2026-04-27T165951.002-600x400.jpeg","featured_image_src_square":"https:\/\/www.uartes.edu.ec\/sitio\/wp-content\/uploads\/2026\/04\/Proyecto-Cambiar-tamano-de-imagen-2026-04-27T165951.002-600x600.jpeg","author_info":{"display_name":"ccortez","author_link":"https:\/\/www.uartes.edu.ec\/sitio\/blog\/author\/ccortez\/"},"publishpress_future_workflow_manual_trigger":{"enabledWorkflows":[]},"distributor_meta":false,"distributor_terms":false,"distributor_media":false,"distributor_original_site_name":"Universidad de las Artes","distributor_original_site_url":"https:\/\/www.uartes.edu.ec\/sitio","push-errors":false,"_links":{"self":[{"href":"https:\/\/www.uartes.edu.ec\/sitio\/wp-json\/wp\/v2\/posts\/89831","targetHints":{"allow":["GET"]}}],"collection":[{"href":"https:\/\/www.uartes.edu.ec\/sitio\/wp-json\/wp\/v2\/posts"}],"about":[{"href":"https:\/\/www.uartes.edu.ec\/sitio\/wp-json\/wp\/v2\/types\/post"}],"author":[{"embeddable":true,"href":"https:\/\/www.uartes.edu.ec\/sitio\/wp-json\/wp\/v2\/users\/10"}],"replies":[{"embeddable":true,"href":"https:\/\/www.uartes.edu.ec\/sitio\/wp-json\/wp\/v2\/comments?post=89831"}],"version-history":[{"count":2,"href":"https:\/\/www.uartes.edu.ec\/sitio\/wp-json\/wp\/v2\/posts\/89831\/revisions"}],"predecessor-version":[{"id":89860,"href":"https:\/\/www.uartes.edu.ec\/sitio\/wp-json\/wp\/v2\/posts\/89831\/revisions\/89860"}],"wp:featuredmedia":[{"embeddable":true,"href":"https:\/\/www.uartes.edu.ec\/sitio\/wp-json\/wp\/v2\/media\/89850"}],"wp:attachment":[{"href":"https:\/\/www.uartes.edu.ec\/sitio\/wp-json\/wp\/v2\/media?parent=89831"}],"wp:term":[{"taxonomy":"category","embeddable":true,"href":"https:\/\/www.uartes.edu.ec\/sitio\/wp-json\/wp\/v2\/categories?post=89831"},{"taxonomy":"post_tag","embeddable":true,"href":"https:\/\/www.uartes.edu.ec\/sitio\/wp-json\/wp\/v2\/tags?post=89831"},{"taxonomy":"infouartes","embeddable":true,"href":"https:\/\/www.uartes.edu.ec\/sitio\/wp-json\/wp\/v2\/infouartes?post=89831"}],"curies":[{"name":"wp","href":"https:\/\/api.w.org\/{rel}","templated":true}]}}