{"id":89901,"date":"2026-04-27T20:11:00","date_gmt":"2026-04-28T01:11:00","guid":{"rendered":"https:\/\/www.uartes.edu.ec\/sitio\/?p=89901"},"modified":"2026-04-28T20:10:05","modified_gmt":"2026-04-29T01:10:05","slug":"resiliencia-y-poder-del-arte-para-sanar-centraron-el-cine-foro-de-ciro-y-yo-documental-que-el-consulado-de-colombia-presento-en-la-uartes","status":"publish","type":"post","link":"https:\/\/www.uartes.edu.ec\/sitio\/blog\/2026\/04\/27\/resiliencia-y-poder-del-arte-para-sanar-centraron-el-cine-foro-de-ciro-y-yo-documental-que-el-consulado-de-colombia-presento-en-la-uartes\/","title":{"rendered":"La resiliencia centr\u00f3 el cine foro de \u201cCiro y yo\u201d, documental que el Consulado de Colombia present\u00f3 en la UArtes"},"content":{"rendered":"\n<p>En el marco del D\u00eda Nacional de la Memoria y Solidaridad con las V\u00edctimas del Conflicto Armado, que Colombia celebra el 9 de abril de cada a\u00f1o, la Universidad de las Artes recibi\u00f3 al consulado del vecino pa\u00eds en Guayaquil, representado por su vicec\u00f3nsul, Silvana Agudelo Botero, quien fue recibida por nuestro vicerrector de Posgrado e Investigaci\u00f3n en Artes, doctor Andrey Astaiza.<\/p>\n\n\n\n<p>En acci\u00f3n articulada, y como parte del relacionamiento con la sede diplom\u00e1tica en nuestra ciudad, en la Sala de Cine del MZ14 Centro de Producci\u00f3n e Innovaci\u00f3n UArtes se proyect\u00f3 el documental \u201cCiro y yo\u201d, dirigido por Miguel Salazar. La obra audiovisual explora la vida de Ciro Galindo, quien de manera virtual mantuvo un di\u00e1logo con el p\u00fablico luego de la proyecci\u00f3n.<\/p>\n\n\n\n<p>El documental mostr\u00f3 la vida de su protagonista, un campesino que ha sobrevivido a m\u00e1s de 60 a\u00f1os de violencia; retrata, asimismo, su b\u00fasqueda de paz y dignidad tras ser afectado por las guerrillas, los paramilitares y el ej\u00e9rcito. Tras su proyecci\u00f3n, temas como el conflicto armado colombiano, la resiliencia de sus v\u00edctimas y el poder del arte para sanar y recordar marcaron un di\u00e1logo cargado de interrogantes, de reflexiones y de testimonio.<\/p>\n\n\n<div class=\"wp-block-image\">\n<figure class=\"aligncenter size-large\"><img fetchpriority=\"high\" decoding=\"async\" width=\"644\" height=\"429\" src=\"https:\/\/www.uartes.edu.ec\/sitio\/wp-content\/uploads\/2026\/04\/07-VICE-CONSUL-COLOMBIA-UARTES-644x429.jpg\" alt=\"\" class=\"wp-image-89909\" srcset=\"https:\/\/www.uartes.edu.ec\/sitio\/wp-content\/uploads\/2026\/04\/07-VICE-CONSUL-COLOMBIA-UARTES-644x429.jpg 644w, https:\/\/www.uartes.edu.ec\/sitio\/wp-content\/uploads\/2026\/04\/07-VICE-CONSUL-COLOMBIA-UARTES-300x200.jpg 300w, https:\/\/www.uartes.edu.ec\/sitio\/wp-content\/uploads\/2026\/04\/07-VICE-CONSUL-COLOMBIA-UARTES-768x512.jpg 768w, https:\/\/www.uartes.edu.ec\/sitio\/wp-content\/uploads\/2026\/04\/07-VICE-CONSUL-COLOMBIA-UARTES-1536x1024.jpg 1536w, https:\/\/www.uartes.edu.ec\/sitio\/wp-content\/uploads\/2026\/04\/07-VICE-CONSUL-COLOMBIA-UARTES-18x12.jpg 18w, https:\/\/www.uartes.edu.ec\/sitio\/wp-content\/uploads\/2026\/04\/07-VICE-CONSUL-COLOMBIA-UARTES-600x400.jpg 600w, https:\/\/www.uartes.edu.ec\/sitio\/wp-content\/uploads\/2026\/04\/07-VICE-CONSUL-COLOMBIA-UARTES-400x267.jpg 400w, https:\/\/www.uartes.edu.ec\/sitio\/wp-content\/uploads\/2026\/04\/07-VICE-CONSUL-COLOMBIA-UARTES.jpg 2000w\" sizes=\"(max-width: 644px) 100vw, 644px\" \/><\/figure>\n<\/div>\n\n\n<p>Antes de la proyecci\u00f3n, y a manera de presentaci\u00f3n del mismo, Patricia Cevallos, directora de Relaciones Internacionales, y Gilda S\u00e1nchez, directora de UArtes Ediciones, destacaron que el cine foro era una de las m\u00faltiples colaboraciones que nuestra instituci\u00f3n de educaci\u00f3n superior tendr\u00e1 con el Consulado y el Gobierno de Colombia. \u201cNos unen mucho m\u00e1s que solamente eventos. Este tiene una significaci\u00f3n especial y un contexto que compartimos: las v\u00edctimas de la violencia. Estas luchas, para combatirlas, se dan tambi\u00e9n desde el arte y estamos aqu\u00ed para presentar y dialogar sobre un documental que retrata hechos violentos registrados en el marco del narcotr\u00e1fico, la guerrilla y el terrorismo\u201d, dijo S\u00e1nchez.<\/p>\n\n\n\n<p>Agreg\u00f3 que el espacio y la universidad son frentes que tenemos como estrategias conjuntas y binacionales, as\u00ed como en los \u00e1mbitos de la educaci\u00f3n y la cultura, para contrarrestar un poco lo que nos afecta como pa\u00edses.<\/p>\n\n\n\n<p>Mencion\u00f3, adem\u00e1s, que en lo posterior se dar\u00eda la firma de un convenio, pues hay mucho porque trabajar. Hizo extensivos tambi\u00e9n los saludos y bienvenidas de los doctores Yuliana P\u00e9rez, vicerrectora acad\u00e9mica y rectora subrogante; y Andrey Astaiza, vicerrector de Posgrados e Investigaci\u00f3n en Artes.<\/p>\n\n\n\n<p>En su intervenci\u00f3n, la vicec\u00f3nsul colombiana dio la bienvenida a los presentes y coment\u00f3 que, aunque el D\u00eda de la Memoria y la Solidaridad con las V\u00edctimas del Conflicto Armado Colombiano es el 9 de abril de cada a\u00f1o, su conmemoraci\u00f3n se ampl\u00eda durante todo el mes. \u201cLa fecha evoca todo este dolor que ha tenido Colombia a partir del conflicto armado y recordar a sus v\u00edctimas es tambi\u00e9n partir de la idea de resiliencia\u201d.<\/p>\n\n\n<div class=\"wp-block-image\">\n<figure class=\"aligncenter size-large\"><img decoding=\"async\" width=\"644\" height=\"429\" src=\"https:\/\/www.uartes.edu.ec\/sitio\/wp-content\/uploads\/2026\/04\/04-VICE-CONSUL-COLOMBIA-UARTES-644x429.jpg\" alt=\"\" class=\"wp-image-89906\" srcset=\"https:\/\/www.uartes.edu.ec\/sitio\/wp-content\/uploads\/2026\/04\/04-VICE-CONSUL-COLOMBIA-UARTES-644x429.jpg 644w, https:\/\/www.uartes.edu.ec\/sitio\/wp-content\/uploads\/2026\/04\/04-VICE-CONSUL-COLOMBIA-UARTES-300x200.jpg 300w, https:\/\/www.uartes.edu.ec\/sitio\/wp-content\/uploads\/2026\/04\/04-VICE-CONSUL-COLOMBIA-UARTES-768x512.jpg 768w, https:\/\/www.uartes.edu.ec\/sitio\/wp-content\/uploads\/2026\/04\/04-VICE-CONSUL-COLOMBIA-UARTES-1536x1024.jpg 1536w, https:\/\/www.uartes.edu.ec\/sitio\/wp-content\/uploads\/2026\/04\/04-VICE-CONSUL-COLOMBIA-UARTES-18x12.jpg 18w, https:\/\/www.uartes.edu.ec\/sitio\/wp-content\/uploads\/2026\/04\/04-VICE-CONSUL-COLOMBIA-UARTES-600x400.jpg 600w, https:\/\/www.uartes.edu.ec\/sitio\/wp-content\/uploads\/2026\/04\/04-VICE-CONSUL-COLOMBIA-UARTES-400x267.jpg 400w, https:\/\/www.uartes.edu.ec\/sitio\/wp-content\/uploads\/2026\/04\/04-VICE-CONSUL-COLOMBIA-UARTES.jpg 2000w\" sizes=\"(max-width: 644px) 100vw, 644px\" \/><\/figure>\n<\/div>\n\n\n<figure class=\"wp-block-gallery has-nested-images columns-default is-cropped wp-block-gallery-1 is-layout-flex wp-block-gallery-is-layout-flex\">\n<figure class=\"wp-block-image size-large\"><img decoding=\"async\" width=\"644\" height=\"429\" data-id=\"89904\" src=\"https:\/\/www.uartes.edu.ec\/sitio\/wp-content\/uploads\/2026\/04\/03-VICE-CONSUL-COLOMBIA-UARTES-644x429.jpg\" alt=\"\" class=\"wp-image-89904\" srcset=\"https:\/\/www.uartes.edu.ec\/sitio\/wp-content\/uploads\/2026\/04\/03-VICE-CONSUL-COLOMBIA-UARTES-644x429.jpg 644w, https:\/\/www.uartes.edu.ec\/sitio\/wp-content\/uploads\/2026\/04\/03-VICE-CONSUL-COLOMBIA-UARTES-300x200.jpg 300w, https:\/\/www.uartes.edu.ec\/sitio\/wp-content\/uploads\/2026\/04\/03-VICE-CONSUL-COLOMBIA-UARTES-768x512.jpg 768w, https:\/\/www.uartes.edu.ec\/sitio\/wp-content\/uploads\/2026\/04\/03-VICE-CONSUL-COLOMBIA-UARTES-1536x1024.jpg 1536w, https:\/\/www.uartes.edu.ec\/sitio\/wp-content\/uploads\/2026\/04\/03-VICE-CONSUL-COLOMBIA-UARTES-18x12.jpg 18w, https:\/\/www.uartes.edu.ec\/sitio\/wp-content\/uploads\/2026\/04\/03-VICE-CONSUL-COLOMBIA-UARTES-600x400.jpg 600w, https:\/\/www.uartes.edu.ec\/sitio\/wp-content\/uploads\/2026\/04\/03-VICE-CONSUL-COLOMBIA-UARTES-400x267.jpg 400w, https:\/\/www.uartes.edu.ec\/sitio\/wp-content\/uploads\/2026\/04\/03-VICE-CONSUL-COLOMBIA-UARTES.jpg 2000w\" sizes=\"(max-width: 644px) 100vw, 644px\" \/><\/figure>\n\n\n\n<figure class=\"wp-block-image size-large\"><img loading=\"lazy\" decoding=\"async\" width=\"644\" height=\"429\" data-id=\"89908\" src=\"https:\/\/www.uartes.edu.ec\/sitio\/wp-content\/uploads\/2026\/04\/06-VICE-CONSUL-COLOMBIA-UARTES-644x429.jpg\" alt=\"\" class=\"wp-image-89908\" srcset=\"https:\/\/www.uartes.edu.ec\/sitio\/wp-content\/uploads\/2026\/04\/06-VICE-CONSUL-COLOMBIA-UARTES-644x429.jpg 644w, https:\/\/www.uartes.edu.ec\/sitio\/wp-content\/uploads\/2026\/04\/06-VICE-CONSUL-COLOMBIA-UARTES-300x200.jpg 300w, https:\/\/www.uartes.edu.ec\/sitio\/wp-content\/uploads\/2026\/04\/06-VICE-CONSUL-COLOMBIA-UARTES-768x512.jpg 768w, https:\/\/www.uartes.edu.ec\/sitio\/wp-content\/uploads\/2026\/04\/06-VICE-CONSUL-COLOMBIA-UARTES-1536x1024.jpg 1536w, https:\/\/www.uartes.edu.ec\/sitio\/wp-content\/uploads\/2026\/04\/06-VICE-CONSUL-COLOMBIA-UARTES-18x12.jpg 18w, https:\/\/www.uartes.edu.ec\/sitio\/wp-content\/uploads\/2026\/04\/06-VICE-CONSUL-COLOMBIA-UARTES-600x400.jpg 600w, https:\/\/www.uartes.edu.ec\/sitio\/wp-content\/uploads\/2026\/04\/06-VICE-CONSUL-COLOMBIA-UARTES-400x267.jpg 400w, https:\/\/www.uartes.edu.ec\/sitio\/wp-content\/uploads\/2026\/04\/06-VICE-CONSUL-COLOMBIA-UARTES.jpg 2000w\" sizes=\"(max-width: 644px) 100vw, 644px\" \/><\/figure>\n<\/figure>\n\n\n\n<p><\/p>\n\n\n\n<p>\u201cEse es el mensaje que nos deja este documental, \u2018Ciro y yo\u2019, de Miguel Salazar\u201d, precis\u00f3, anotando que son las discusiones alrededor del arte las que permiten pararnos y enfrentar la violencia. \u201cSabemos que en este momento Ecuador no la est\u00e1 pasando de la mejor manera y Colombia todav\u00eda tiene mucho que superar con respecto al conflicto, pero esta hermandad de pa\u00edses que mantenemos, y que nos permite sentirnos siempre bienvenidos en las instituciones ecuatorianas, nos permite seguir trabajando de la mano; los espacios acad\u00e9micos, art\u00edsticos y culturales nos permiten seguir abordando estas luchas sociales\u201d.<\/p>\n\n\n\n<p>En di\u00e1logo con InfoUArtes, la vicec\u00f3nsul Silvia Agudelo anot\u00f3 que la historia de Ciro es, probablemente, la de muchos colombianos. \u201cEs m\u00e1s que nada una historia de resiliencia, una historia de c\u00f3mo \u00e9l decide enfrentar esto con toda la entereza. Nunca ingresar\u00e1 \u00e9l mismo al conflicto, a pesar de que su familia se ve envuelta en el conflicto, pues sus hijos son reclutados por diferentes grupos armados\u201d.<\/p>\n\n\n\n<p>Reiter\u00f3 lo se\u00f1alado por la directora de UArtes Ediciones, de que el Consulado de Colombia en Guayaquil y la Universidad de las Artes est\u00e1n en el proceso de la firma de un convenio. \u201cEl a\u00f1o pasado, la Canciller\u00eda de Colombia nos dio el visto bueno para hacer convenios con entidades educativas. La cooperaci\u00f3n acad\u00e9mica es a lo que nos estamos viendo volcados en este momento\u201d.<\/p>\n\n\n\n<p>Destac\u00f3 que la educaci\u00f3n, sobre todo la educaci\u00f3n en artes, es la que permite al ser humano expresarse. \u201cEcuador y Colombia son dos pa\u00edses muy ricos culturalmente. El relacionamiento con la universidad nos va a permitir resaltar mucho m\u00e1s esa diversidad cultural e integrarla\u201d.<\/p>\n\n\n\n<p>Anot\u00f3 que el doctor Astaiza, en el recibimiento que le dio, le coment\u00f3 sobre la clase donde se fabrican marimbas, adem\u00e1s de ense\u00f1ar a tocarlas. \u201cEs un instrumento que une al Pac\u00edfico colombiano y ecuatoriano. Hay mucho que nos une y tambi\u00e9n diferencias que podemos mostrar para compartir tanto en los \u00e1mbitos art\u00edsticos como culturales\u201d, precis\u00f3 la vicec\u00f3nsul colombiana Silvia Agudelo.<\/p>\n\n\n\n<p>Texto: Carmen Cortez\/Dircom. Fotos: Tyrone Maridue\u00f1a\/Dircom.<\/p>\n","protected":false},"excerpt":{"rendered":"<p>Como parte del relacionamiento de la Universidad de las Artes con el Consulado de Colombia en Guayaquil, en el cine del MZ14 se proyect\u00f3 el documental \u201cCiro y yo\u201d, presentado por el D\u00eda Nacional de la Memoria y Solidaridad con las V\u00edctimas del Conflicto Armado. Estuvo presente la vicec\u00f3nsul Silvia Agudelo, quien fue recibida por el vicerrector Andrey Astaiza; hubo tambi\u00e9n un di\u00e1logo virtual con el protagonista del audiovisual.<\/p>\n","protected":false},"author":10,"featured_media":89903,"comment_status":"open","ping_status":"open","sticky":false,"template":"","format":"standard","meta":{"_acf_changed":false,"_uag_custom_page_level_css":"","_monsterinsights_skip_tracking":false,"_monsterinsights_sitenote_active":false,"_monsterinsights_sitenote_note":"","_monsterinsights_sitenote_category":0,"cybocfi_hide_featured_image":"","footnotes":""},"categories":[80,82,77,83],"tags":[279],"infouartes":[],"class_list":["post-89901","post","type-post","status-publish","format-standard","has-post-thumbnail","hentry","category-academico","category-artes","category-gestion","category-sedes","tag-relaciones-internacionales"],"acf":[],"yoast_head":"<!-- This site is optimized with the Yoast SEO plugin v27.4 - https:\/\/yoast.com\/product\/yoast-seo-wordpress\/ -->\n<title>Universidad de las Artes - La resiliencia centr\u00f3 el cine foro de \u201cCiro y yo\u201d, documental que el Consulado de Colombia present\u00f3 en la UArtes<\/title>\n<meta name=\"description\" content=\"Universidad de las Artes - La resiliencia centr\u00f3 el cine foro de \u201cCiro y yo\u201d, documental que el Consulado de Colombia present\u00f3 en la UArtes\" \/>\n<meta name=\"robots\" content=\"index, follow, max-snippet:-1, max-image-preview:large, max-video-preview:-1\" \/>\n<link rel=\"canonical\" href=\"https:\/\/www.uartes.edu.ec\/sitio\/blog\/2026\/04\/27\/resiliencia-y-poder-del-arte-para-sanar-centraron-el-cine-foro-de-ciro-y-yo-documental-que-el-consulado-de-colombia-presento-en-la-uartes\/\" \/>\n<meta property=\"og:locale\" content=\"es_ES\" \/>\n<meta property=\"og:type\" content=\"article\" \/>\n<meta property=\"og:title\" content=\"Universidad de las Artes - La resiliencia centr\u00f3 el cine foro de \u201cCiro y yo\u201d, documental que el Consulado de Colombia present\u00f3 en la UArtes\" \/>\n<meta property=\"og:description\" content=\"Universidad de las Artes - La resiliencia centr\u00f3 el cine foro de \u201cCiro y yo\u201d, documental que el Consulado de Colombia present\u00f3 en la UArtes\" \/>\n<meta property=\"og:url\" content=\"https:\/\/www.uartes.edu.ec\/sitio\/blog\/2026\/04\/27\/resiliencia-y-poder-del-arte-para-sanar-centraron-el-cine-foro-de-ciro-y-yo-documental-que-el-consulado-de-colombia-presento-en-la-uartes\/\" \/>\n<meta property=\"og:site_name\" content=\"Universidad de las Artes\" \/>\n<meta property=\"article:publisher\" content=\"https:\/\/www.facebook.com\/uartesec\" \/>\n<meta property=\"article:published_time\" content=\"2026-04-28T01:11:00+00:00\" \/>\n<meta property=\"article:modified_time\" content=\"2026-04-29T01:10:05+00:00\" \/>\n<meta property=\"og:image\" content=\"https:\/\/www.uartes.edu.ec\/sitio\/wp-content\/uploads\/2026\/04\/01-VICE-CONSUL-COLOMBIA-UARTES.jpg\" \/>\n\t<meta property=\"og:image:width\" content=\"2000\" \/>\n\t<meta property=\"og:image:height\" content=\"1333\" \/>\n\t<meta property=\"og:image:type\" content=\"image\/jpeg\" \/>\n<meta name=\"author\" content=\"ccortez\" \/>\n<meta name=\"twitter:card\" content=\"summary_large_image\" \/>\n<meta name=\"twitter:creator\" content=\"@uartesec\" \/>\n<meta name=\"twitter:site\" content=\"@uartesec\" \/>\n<meta name=\"twitter:label1\" content=\"Escrito por\" \/>\n\t<meta name=\"twitter:data1\" content=\"ccortez\" \/>\n\t<meta name=\"twitter:label2\" content=\"Tiempo de lectura\" \/>\n\t<meta name=\"twitter:data2\" content=\"5 minutos\" \/>\n<script type=\"application\/ld+json\" class=\"yoast-schema-graph\">{\"@context\":\"https:\\\/\\\/schema.org\",\"@graph\":[{\"@type\":\"Article\",\"@id\":\"https:\\\/\\\/www.uartes.edu.ec\\\/sitio\\\/blog\\\/2026\\\/04\\\/27\\\/resiliencia-y-poder-del-arte-para-sanar-centraron-el-cine-foro-de-ciro-y-yo-documental-que-el-consulado-de-colombia-presento-en-la-uartes\\\/#article\",\"isPartOf\":{\"@id\":\"https:\\\/\\\/www.uartes.edu.ec\\\/sitio\\\/blog\\\/2026\\\/04\\\/27\\\/resiliencia-y-poder-del-arte-para-sanar-centraron-el-cine-foro-de-ciro-y-yo-documental-que-el-consulado-de-colombia-presento-en-la-uartes\\\/\"},\"author\":{\"name\":\"ccortez\",\"@id\":\"https:\\\/\\\/www.uartes.edu.ec\\\/sitio\\\/#\\\/schema\\\/person\\\/efa1b8275797664fd7f13a79ccc0b1f4\"},\"headline\":\"La resiliencia centr\u00f3 el cine foro de \u201cCiro y yo\u201d, documental que el Consulado de Colombia present\u00f3 en la UArtes\",\"datePublished\":\"2026-04-28T01:11:00+00:00\",\"dateModified\":\"2026-04-29T01:10:05+00:00\",\"mainEntityOfPage\":{\"@id\":\"https:\\\/\\\/www.uartes.edu.ec\\\/sitio\\\/blog\\\/2026\\\/04\\\/27\\\/resiliencia-y-poder-del-arte-para-sanar-centraron-el-cine-foro-de-ciro-y-yo-documental-que-el-consulado-de-colombia-presento-en-la-uartes\\\/\"},\"wordCount\":894,\"commentCount\":0,\"publisher\":{\"@id\":\"https:\\\/\\\/www.uartes.edu.ec\\\/sitio\\\/#organization\"},\"image\":{\"@id\":\"https:\\\/\\\/www.uartes.edu.ec\\\/sitio\\\/blog\\\/2026\\\/04\\\/27\\\/resiliencia-y-poder-del-arte-para-sanar-centraron-el-cine-foro-de-ciro-y-yo-documental-que-el-consulado-de-colombia-presento-en-la-uartes\\\/#primaryimage\"},\"thumbnailUrl\":\"https:\\\/\\\/www.uartes.edu.ec\\\/sitio\\\/wp-content\\\/uploads\\\/2026\\\/04\\\/01-VICE-CONSUL-COLOMBIA-UARTES.jpg\",\"keywords\":[\"relaciones internacionales\"],\"articleSection\":[\"Acad\u00e9mico\",\"Artes\",\"Gesti\u00f3n\",\"Sedes\"],\"inLanguage\":\"es\",\"potentialAction\":[{\"@type\":\"CommentAction\",\"name\":\"Comment\",\"target\":[\"https:\\\/\\\/www.uartes.edu.ec\\\/sitio\\\/blog\\\/2026\\\/04\\\/27\\\/resiliencia-y-poder-del-arte-para-sanar-centraron-el-cine-foro-de-ciro-y-yo-documental-que-el-consulado-de-colombia-presento-en-la-uartes\\\/#respond\"]}]},{\"@type\":[\"WebPage\",\"ItemPage\"],\"@id\":\"https:\\\/\\\/www.uartes.edu.ec\\\/sitio\\\/blog\\\/2026\\\/04\\\/27\\\/resiliencia-y-poder-del-arte-para-sanar-centraron-el-cine-foro-de-ciro-y-yo-documental-que-el-consulado-de-colombia-presento-en-la-uartes\\\/\",\"url\":\"https:\\\/\\\/www.uartes.edu.ec\\\/sitio\\\/blog\\\/2026\\\/04\\\/27\\\/resiliencia-y-poder-del-arte-para-sanar-centraron-el-cine-foro-de-ciro-y-yo-documental-que-el-consulado-de-colombia-presento-en-la-uartes\\\/\",\"name\":\"Universidad de las Artes - La resiliencia centr\u00f3 el cine foro de \u201cCiro y yo\u201d, documental que el Consulado de Colombia present\u00f3 en la UArtes\",\"isPartOf\":{\"@id\":\"https:\\\/\\\/www.uartes.edu.ec\\\/sitio\\\/#website\"},\"primaryImageOfPage\":{\"@id\":\"https:\\\/\\\/www.uartes.edu.ec\\\/sitio\\\/blog\\\/2026\\\/04\\\/27\\\/resiliencia-y-poder-del-arte-para-sanar-centraron-el-cine-foro-de-ciro-y-yo-documental-que-el-consulado-de-colombia-presento-en-la-uartes\\\/#primaryimage\"},\"image\":{\"@id\":\"https:\\\/\\\/www.uartes.edu.ec\\\/sitio\\\/blog\\\/2026\\\/04\\\/27\\\/resiliencia-y-poder-del-arte-para-sanar-centraron-el-cine-foro-de-ciro-y-yo-documental-que-el-consulado-de-colombia-presento-en-la-uartes\\\/#primaryimage\"},\"thumbnailUrl\":\"https:\\\/\\\/www.uartes.edu.ec\\\/sitio\\\/wp-content\\\/uploads\\\/2026\\\/04\\\/01-VICE-CONSUL-COLOMBIA-UARTES.jpg\",\"datePublished\":\"2026-04-28T01:11:00+00:00\",\"dateModified\":\"2026-04-29T01:10:05+00:00\",\"description\":\"Universidad de las Artes - La resiliencia centr\u00f3 el cine foro de \u201cCiro y yo\u201d, documental que el Consulado de Colombia present\u00f3 en la UArtes\",\"breadcrumb\":{\"@id\":\"https:\\\/\\\/www.uartes.edu.ec\\\/sitio\\\/blog\\\/2026\\\/04\\\/27\\\/resiliencia-y-poder-del-arte-para-sanar-centraron-el-cine-foro-de-ciro-y-yo-documental-que-el-consulado-de-colombia-presento-en-la-uartes\\\/#breadcrumb\"},\"inLanguage\":\"es\",\"potentialAction\":[{\"@type\":\"ReadAction\",\"target\":[\"https:\\\/\\\/www.uartes.edu.ec\\\/sitio\\\/blog\\\/2026\\\/04\\\/27\\\/resiliencia-y-poder-del-arte-para-sanar-centraron-el-cine-foro-de-ciro-y-yo-documental-que-el-consulado-de-colombia-presento-en-la-uartes\\\/\"]}]},{\"@type\":\"ImageObject\",\"inLanguage\":\"es\",\"@id\":\"https:\\\/\\\/www.uartes.edu.ec\\\/sitio\\\/blog\\\/2026\\\/04\\\/27\\\/resiliencia-y-poder-del-arte-para-sanar-centraron-el-cine-foro-de-ciro-y-yo-documental-que-el-consulado-de-colombia-presento-en-la-uartes\\\/#primaryimage\",\"url\":\"https:\\\/\\\/www.uartes.edu.ec\\\/sitio\\\/wp-content\\\/uploads\\\/2026\\\/04\\\/01-VICE-CONSUL-COLOMBIA-UARTES.jpg\",\"contentUrl\":\"https:\\\/\\\/www.uartes.edu.ec\\\/sitio\\\/wp-content\\\/uploads\\\/2026\\\/04\\\/01-VICE-CONSUL-COLOMBIA-UARTES.jpg\",\"width\":2000,\"height\":1333},{\"@type\":\"BreadcrumbList\",\"@id\":\"https:\\\/\\\/www.uartes.edu.ec\\\/sitio\\\/blog\\\/2026\\\/04\\\/27\\\/resiliencia-y-poder-del-arte-para-sanar-centraron-el-cine-foro-de-ciro-y-yo-documental-que-el-consulado-de-colombia-presento-en-la-uartes\\\/#breadcrumb\",\"itemListElement\":[{\"@type\":\"ListItem\",\"position\":1,\"name\":\"Inicio\",\"item\":\"https:\\\/\\\/www.uartes.edu.ec\\\/sitio\\\/\"},{\"@type\":\"ListItem\",\"position\":2,\"name\":\"La resiliencia centr\u00f3 el cine foro de \u201cCiro y yo\u201d, documental que el Consulado de Colombia present\u00f3 en la UArtes\"}]},{\"@type\":\"WebSite\",\"@id\":\"https:\\\/\\\/www.uartes.edu.ec\\\/sitio\\\/#website\",\"url\":\"https:\\\/\\\/www.uartes.edu.ec\\\/sitio\\\/\",\"name\":\"Universidad de las Artes\",\"description\":\"Sitio oficial de la Universidad Nacional de las Artes del Ecuador\",\"publisher\":{\"@id\":\"https:\\\/\\\/www.uartes.edu.ec\\\/sitio\\\/#organization\"},\"potentialAction\":[{\"@type\":\"SearchAction\",\"target\":{\"@type\":\"EntryPoint\",\"urlTemplate\":\"https:\\\/\\\/www.uartes.edu.ec\\\/sitio\\\/?s={search_term_string}\"},\"query-input\":{\"@type\":\"PropertyValueSpecification\",\"valueRequired\":true,\"valueName\":\"search_term_string\"}}],\"inLanguage\":\"es\"},{\"@type\":\"Organization\",\"@id\":\"https:\\\/\\\/www.uartes.edu.ec\\\/sitio\\\/#organization\",\"name\":\"Universidad de las Artes\",\"url\":\"https:\\\/\\\/www.uartes.edu.ec\\\/sitio\\\/\",\"logo\":{\"@type\":\"ImageObject\",\"inLanguage\":\"es\",\"@id\":\"https:\\\/\\\/www.uartes.edu.ec\\\/sitio\\\/#\\\/schema\\\/logo\\\/image\\\/\",\"url\":\"https:\\\/\\\/www.uartes.edu.ec\\\/sitio\\\/wp-content\\\/uploads\\\/2022\\\/07\\\/logo-ua-horizontal.png\",\"contentUrl\":\"https:\\\/\\\/www.uartes.edu.ec\\\/sitio\\\/wp-content\\\/uploads\\\/2022\\\/07\\\/logo-ua-horizontal.png\",\"width\":800,\"height\":276,\"caption\":\"Universidad de las Artes\"},\"image\":{\"@id\":\"https:\\\/\\\/www.uartes.edu.ec\\\/sitio\\\/#\\\/schema\\\/logo\\\/image\\\/\"},\"sameAs\":[\"https:\\\/\\\/www.facebook.com\\\/uartesec\",\"https:\\\/\\\/x.com\\\/uartesec\",\"https:\\\/\\\/www.tiktok.com\\\/@uartesec\"]},{\"@type\":\"Person\",\"@id\":\"https:\\\/\\\/www.uartes.edu.ec\\\/sitio\\\/#\\\/schema\\\/person\\\/efa1b8275797664fd7f13a79ccc0b1f4\",\"name\":\"ccortez\",\"image\":{\"@type\":\"ImageObject\",\"inLanguage\":\"es\",\"@id\":\"https:\\\/\\\/secure.gravatar.com\\\/avatar\\\/b2a6f664a3ae8e074346ef91775736c5ec479e637ecced6842de9dc98b5da9cd?s=96&d=mm&r=g\",\"url\":\"https:\\\/\\\/secure.gravatar.com\\\/avatar\\\/b2a6f664a3ae8e074346ef91775736c5ec479e637ecced6842de9dc98b5da9cd?s=96&d=mm&r=g\",\"contentUrl\":\"https:\\\/\\\/secure.gravatar.com\\\/avatar\\\/b2a6f664a3ae8e074346ef91775736c5ec479e637ecced6842de9dc98b5da9cd?s=96&d=mm&r=g\",\"caption\":\"ccortez\"},\"url\":\"https:\\\/\\\/www.uartes.edu.ec\\\/sitio\\\/blog\\\/author\\\/ccortez\\\/\"}]}<\/script>\n<!-- \/ Yoast SEO plugin. -->","yoast_head_json":{"title":"Universidad de las Artes - La resiliencia centr\u00f3 el cine foro de \u201cCiro y yo\u201d, documental que el Consulado de Colombia present\u00f3 en la UArtes","description":"Universidad de las Artes - La resiliencia centr\u00f3 el cine foro de \u201cCiro y yo\u201d, documental que el Consulado de Colombia present\u00f3 en la UArtes","robots":{"index":"index","follow":"follow","max-snippet":"max-snippet:-1","max-image-preview":"max-image-preview:large","max-video-preview":"max-video-preview:-1"},"canonical":"https:\/\/www.uartes.edu.ec\/sitio\/blog\/2026\/04\/27\/resiliencia-y-poder-del-arte-para-sanar-centraron-el-cine-foro-de-ciro-y-yo-documental-que-el-consulado-de-colombia-presento-en-la-uartes\/","og_locale":"es_ES","og_type":"article","og_title":"Universidad de las Artes - La resiliencia centr\u00f3 el cine foro de \u201cCiro y yo\u201d, documental que el Consulado de Colombia present\u00f3 en la UArtes","og_description":"Universidad de las Artes - La resiliencia centr\u00f3 el cine foro de \u201cCiro y yo\u201d, documental que el Consulado de Colombia present\u00f3 en la UArtes","og_url":"https:\/\/www.uartes.edu.ec\/sitio\/blog\/2026\/04\/27\/resiliencia-y-poder-del-arte-para-sanar-centraron-el-cine-foro-de-ciro-y-yo-documental-que-el-consulado-de-colombia-presento-en-la-uartes\/","og_site_name":"Universidad de las Artes","article_publisher":"https:\/\/www.facebook.com\/uartesec","article_published_time":"2026-04-28T01:11:00+00:00","article_modified_time":"2026-04-29T01:10:05+00:00","og_image":[{"width":2000,"height":1333,"url":"https:\/\/www.uartes.edu.ec\/sitio\/wp-content\/uploads\/2026\/04\/01-VICE-CONSUL-COLOMBIA-UARTES.jpg","type":"image\/jpeg"}],"author":"ccortez","twitter_card":"summary_large_image","twitter_creator":"@uartesec","twitter_site":"@uartesec","twitter_misc":{"Escrito por":"ccortez","Tiempo de lectura":"5 minutos"},"schema":{"@context":"https:\/\/schema.org","@graph":[{"@type":"Article","@id":"https:\/\/www.uartes.edu.ec\/sitio\/blog\/2026\/04\/27\/resiliencia-y-poder-del-arte-para-sanar-centraron-el-cine-foro-de-ciro-y-yo-documental-que-el-consulado-de-colombia-presento-en-la-uartes\/#article","isPartOf":{"@id":"https:\/\/www.uartes.edu.ec\/sitio\/blog\/2026\/04\/27\/resiliencia-y-poder-del-arte-para-sanar-centraron-el-cine-foro-de-ciro-y-yo-documental-que-el-consulado-de-colombia-presento-en-la-uartes\/"},"author":{"name":"ccortez","@id":"https:\/\/www.uartes.edu.ec\/sitio\/#\/schema\/person\/efa1b8275797664fd7f13a79ccc0b1f4"},"headline":"La resiliencia centr\u00f3 el cine foro de \u201cCiro y yo\u201d, documental que el Consulado de Colombia present\u00f3 en la UArtes","datePublished":"2026-04-28T01:11:00+00:00","dateModified":"2026-04-29T01:10:05+00:00","mainEntityOfPage":{"@id":"https:\/\/www.uartes.edu.ec\/sitio\/blog\/2026\/04\/27\/resiliencia-y-poder-del-arte-para-sanar-centraron-el-cine-foro-de-ciro-y-yo-documental-que-el-consulado-de-colombia-presento-en-la-uartes\/"},"wordCount":894,"commentCount":0,"publisher":{"@id":"https:\/\/www.uartes.edu.ec\/sitio\/#organization"},"image":{"@id":"https:\/\/www.uartes.edu.ec\/sitio\/blog\/2026\/04\/27\/resiliencia-y-poder-del-arte-para-sanar-centraron-el-cine-foro-de-ciro-y-yo-documental-que-el-consulado-de-colombia-presento-en-la-uartes\/#primaryimage"},"thumbnailUrl":"https:\/\/www.uartes.edu.ec\/sitio\/wp-content\/uploads\/2026\/04\/01-VICE-CONSUL-COLOMBIA-UARTES.jpg","keywords":["relaciones internacionales"],"articleSection":["Acad\u00e9mico","Artes","Gesti\u00f3n","Sedes"],"inLanguage":"es","potentialAction":[{"@type":"CommentAction","name":"Comment","target":["https:\/\/www.uartes.edu.ec\/sitio\/blog\/2026\/04\/27\/resiliencia-y-poder-del-arte-para-sanar-centraron-el-cine-foro-de-ciro-y-yo-documental-que-el-consulado-de-colombia-presento-en-la-uartes\/#respond"]}]},{"@type":["WebPage","ItemPage"],"@id":"https:\/\/www.uartes.edu.ec\/sitio\/blog\/2026\/04\/27\/resiliencia-y-poder-del-arte-para-sanar-centraron-el-cine-foro-de-ciro-y-yo-documental-que-el-consulado-de-colombia-presento-en-la-uartes\/","url":"https:\/\/www.uartes.edu.ec\/sitio\/blog\/2026\/04\/27\/resiliencia-y-poder-del-arte-para-sanar-centraron-el-cine-foro-de-ciro-y-yo-documental-que-el-consulado-de-colombia-presento-en-la-uartes\/","name":"Universidad de las Artes - La resiliencia centr\u00f3 el cine foro de \u201cCiro y yo\u201d, documental que el Consulado de Colombia present\u00f3 en la UArtes","isPartOf":{"@id":"https:\/\/www.uartes.edu.ec\/sitio\/#website"},"primaryImageOfPage":{"@id":"https:\/\/www.uartes.edu.ec\/sitio\/blog\/2026\/04\/27\/resiliencia-y-poder-del-arte-para-sanar-centraron-el-cine-foro-de-ciro-y-yo-documental-que-el-consulado-de-colombia-presento-en-la-uartes\/#primaryimage"},"image":{"@id":"https:\/\/www.uartes.edu.ec\/sitio\/blog\/2026\/04\/27\/resiliencia-y-poder-del-arte-para-sanar-centraron-el-cine-foro-de-ciro-y-yo-documental-que-el-consulado-de-colombia-presento-en-la-uartes\/#primaryimage"},"thumbnailUrl":"https:\/\/www.uartes.edu.ec\/sitio\/wp-content\/uploads\/2026\/04\/01-VICE-CONSUL-COLOMBIA-UARTES.jpg","datePublished":"2026-04-28T01:11:00+00:00","dateModified":"2026-04-29T01:10:05+00:00","description":"Universidad de las Artes - La resiliencia centr\u00f3 el cine foro de \u201cCiro y yo\u201d, documental que el Consulado de Colombia present\u00f3 en la UArtes","breadcrumb":{"@id":"https:\/\/www.uartes.edu.ec\/sitio\/blog\/2026\/04\/27\/resiliencia-y-poder-del-arte-para-sanar-centraron-el-cine-foro-de-ciro-y-yo-documental-que-el-consulado-de-colombia-presento-en-la-uartes\/#breadcrumb"},"inLanguage":"es","potentialAction":[{"@type":"ReadAction","target":["https:\/\/www.uartes.edu.ec\/sitio\/blog\/2026\/04\/27\/resiliencia-y-poder-del-arte-para-sanar-centraron-el-cine-foro-de-ciro-y-yo-documental-que-el-consulado-de-colombia-presento-en-la-uartes\/"]}]},{"@type":"ImageObject","inLanguage":"es","@id":"https:\/\/www.uartes.edu.ec\/sitio\/blog\/2026\/04\/27\/resiliencia-y-poder-del-arte-para-sanar-centraron-el-cine-foro-de-ciro-y-yo-documental-que-el-consulado-de-colombia-presento-en-la-uartes\/#primaryimage","url":"https:\/\/www.uartes.edu.ec\/sitio\/wp-content\/uploads\/2026\/04\/01-VICE-CONSUL-COLOMBIA-UARTES.jpg","contentUrl":"https:\/\/www.uartes.edu.ec\/sitio\/wp-content\/uploads\/2026\/04\/01-VICE-CONSUL-COLOMBIA-UARTES.jpg","width":2000,"height":1333},{"@type":"BreadcrumbList","@id":"https:\/\/www.uartes.edu.ec\/sitio\/blog\/2026\/04\/27\/resiliencia-y-poder-del-arte-para-sanar-centraron-el-cine-foro-de-ciro-y-yo-documental-que-el-consulado-de-colombia-presento-en-la-uartes\/#breadcrumb","itemListElement":[{"@type":"ListItem","position":1,"name":"Inicio","item":"https:\/\/www.uartes.edu.ec\/sitio\/"},{"@type":"ListItem","position":2,"name":"La resiliencia centr\u00f3 el cine foro de \u201cCiro y yo\u201d, documental que el Consulado de Colombia present\u00f3 en la UArtes"}]},{"@type":"WebSite","@id":"https:\/\/www.uartes.edu.ec\/sitio\/#website","url":"https:\/\/www.uartes.edu.ec\/sitio\/","name":"Universidad de las Artes","description":"Sitio oficial de la Universidad Nacional de las Artes del Ecuador","publisher":{"@id":"https:\/\/www.uartes.edu.ec\/sitio\/#organization"},"potentialAction":[{"@type":"SearchAction","target":{"@type":"EntryPoint","urlTemplate":"https:\/\/www.uartes.edu.ec\/sitio\/?s={search_term_string}"},"query-input":{"@type":"PropertyValueSpecification","valueRequired":true,"valueName":"search_term_string"}}],"inLanguage":"es"},{"@type":"Organization","@id":"https:\/\/www.uartes.edu.ec\/sitio\/#organization","name":"Universidad de las Artes","url":"https:\/\/www.uartes.edu.ec\/sitio\/","logo":{"@type":"ImageObject","inLanguage":"es","@id":"https:\/\/www.uartes.edu.ec\/sitio\/#\/schema\/logo\/image\/","url":"https:\/\/www.uartes.edu.ec\/sitio\/wp-content\/uploads\/2022\/07\/logo-ua-horizontal.png","contentUrl":"https:\/\/www.uartes.edu.ec\/sitio\/wp-content\/uploads\/2022\/07\/logo-ua-horizontal.png","width":800,"height":276,"caption":"Universidad de las Artes"},"image":{"@id":"https:\/\/www.uartes.edu.ec\/sitio\/#\/schema\/logo\/image\/"},"sameAs":["https:\/\/www.facebook.com\/uartesec","https:\/\/x.com\/uartesec","https:\/\/www.tiktok.com\/@uartesec"]},{"@type":"Person","@id":"https:\/\/www.uartes.edu.ec\/sitio\/#\/schema\/person\/efa1b8275797664fd7f13a79ccc0b1f4","name":"ccortez","image":{"@type":"ImageObject","inLanguage":"es","@id":"https:\/\/secure.gravatar.com\/avatar\/b2a6f664a3ae8e074346ef91775736c5ec479e637ecced6842de9dc98b5da9cd?s=96&d=mm&r=g","url":"https:\/\/secure.gravatar.com\/avatar\/b2a6f664a3ae8e074346ef91775736c5ec479e637ecced6842de9dc98b5da9cd?s=96&d=mm&r=g","contentUrl":"https:\/\/secure.gravatar.com\/avatar\/b2a6f664a3ae8e074346ef91775736c5ec479e637ecced6842de9dc98b5da9cd?s=96&d=mm&r=g","caption":"ccortez"},"url":"https:\/\/www.uartes.edu.ec\/sitio\/blog\/author\/ccortez\/"}]}},"uagb_featured_image_src":{"full":["https:\/\/www.uartes.edu.ec\/sitio\/wp-content\/uploads\/2026\/04\/01-VICE-CONSUL-COLOMBIA-UARTES.jpg",2000,1333,false],"thumbnail":["https:\/\/www.uartes.edu.ec\/sitio\/wp-content\/uploads\/2026\/04\/01-VICE-CONSUL-COLOMBIA-UARTES-150x150.jpg",150,150,true],"medium":["https:\/\/www.uartes.edu.ec\/sitio\/wp-content\/uploads\/2026\/04\/01-VICE-CONSUL-COLOMBIA-UARTES-300x200.jpg",300,200,true],"medium_large":["https:\/\/www.uartes.edu.ec\/sitio\/wp-content\/uploads\/2026\/04\/01-VICE-CONSUL-COLOMBIA-UARTES-768x512.jpg",768,512,true],"large":["https:\/\/www.uartes.edu.ec\/sitio\/wp-content\/uploads\/2026\/04\/01-VICE-CONSUL-COLOMBIA-UARTES-644x429.jpg",644,429,true],"1536x1536":["https:\/\/www.uartes.edu.ec\/sitio\/wp-content\/uploads\/2026\/04\/01-VICE-CONSUL-COLOMBIA-UARTES-1536x1024.jpg",1536,1024,true],"2048x2048":["https:\/\/www.uartes.edu.ec\/sitio\/wp-content\/uploads\/2026\/04\/01-VICE-CONSUL-COLOMBIA-UARTES.jpg",2000,1333,false],"trp-custom-language-flag":["https:\/\/www.uartes.edu.ec\/sitio\/wp-content\/uploads\/2026\/04\/01-VICE-CONSUL-COLOMBIA-UARTES-18x12.jpg",18,12,true],"htmega_size_585x295":["https:\/\/www.uartes.edu.ec\/sitio\/wp-content\/uploads\/2026\/04\/01-VICE-CONSUL-COLOMBIA-UARTES-585x295.jpg",585,295,true],"htmega_size_1170x536":["https:\/\/www.uartes.edu.ec\/sitio\/wp-content\/uploads\/2026\/04\/01-VICE-CONSUL-COLOMBIA-UARTES-1170x536.jpg",1170,536,true],"htmega_size_396x360":["https:\/\/www.uartes.edu.ec\/sitio\/wp-content\/uploads\/2026\/04\/01-VICE-CONSUL-COLOMBIA-UARTES-396x360.jpg",396,360,true],"gb-block-post-grid-landscape":["https:\/\/www.uartes.edu.ec\/sitio\/wp-content\/uploads\/2026\/04\/01-VICE-CONSUL-COLOMBIA-UARTES-600x400.jpg",600,400,true],"gb-block-post-grid-square":["https:\/\/www.uartes.edu.ec\/sitio\/wp-content\/uploads\/2026\/04\/01-VICE-CONSUL-COLOMBIA-UARTES-600x600.jpg",600,600,true],"university-hub-thumb":["https:\/\/www.uartes.edu.ec\/sitio\/wp-content\/uploads\/2026\/04\/01-VICE-CONSUL-COLOMBIA-UARTES-400x267.jpg",400,267,true]},"uagb_author_info":{"display_name":"ccortez","author_link":"https:\/\/www.uartes.edu.ec\/sitio\/blog\/author\/ccortez\/"},"uagb_comment_info":0,"uagb_excerpt":"Como parte del relacionamiento de la Universidad de las Artes con el Consulado de Colombia en Guayaquil, en el cine del MZ14 se proyect\u00f3 el documental \u201cCiro y yo\u201d, presentado por el D\u00eda Nacional de la Memoria y Solidaridad con las V\u00edctimas del Conflicto Armado. Estuvo presente la vicec\u00f3nsul Silvia Agudelo, quien fue recibida por&hellip;","featured_image_src":"https:\/\/www.uartes.edu.ec\/sitio\/wp-content\/uploads\/2026\/04\/01-VICE-CONSUL-COLOMBIA-UARTES-600x400.jpg","featured_image_src_square":"https:\/\/www.uartes.edu.ec\/sitio\/wp-content\/uploads\/2026\/04\/01-VICE-CONSUL-COLOMBIA-UARTES-600x600.jpg","author_info":{"display_name":"ccortez","author_link":"https:\/\/www.uartes.edu.ec\/sitio\/blog\/author\/ccortez\/"},"publishpress_future_workflow_manual_trigger":{"enabledWorkflows":[]},"distributor_meta":false,"distributor_terms":false,"distributor_media":false,"distributor_original_site_name":"Universidad de las Artes","distributor_original_site_url":"https:\/\/www.uartes.edu.ec\/sitio","push-errors":false,"_links":{"self":[{"href":"https:\/\/www.uartes.edu.ec\/sitio\/wp-json\/wp\/v2\/posts\/89901","targetHints":{"allow":["GET"]}}],"collection":[{"href":"https:\/\/www.uartes.edu.ec\/sitio\/wp-json\/wp\/v2\/posts"}],"about":[{"href":"https:\/\/www.uartes.edu.ec\/sitio\/wp-json\/wp\/v2\/types\/post"}],"author":[{"embeddable":true,"href":"https:\/\/www.uartes.edu.ec\/sitio\/wp-json\/wp\/v2\/users\/10"}],"replies":[{"embeddable":true,"href":"https:\/\/www.uartes.edu.ec\/sitio\/wp-json\/wp\/v2\/comments?post=89901"}],"version-history":[{"count":4,"href":"https:\/\/www.uartes.edu.ec\/sitio\/wp-json\/wp\/v2\/posts\/89901\/revisions"}],"predecessor-version":[{"id":89919,"href":"https:\/\/www.uartes.edu.ec\/sitio\/wp-json\/wp\/v2\/posts\/89901\/revisions\/89919"}],"wp:featuredmedia":[{"embeddable":true,"href":"https:\/\/www.uartes.edu.ec\/sitio\/wp-json\/wp\/v2\/media\/89903"}],"wp:attachment":[{"href":"https:\/\/www.uartes.edu.ec\/sitio\/wp-json\/wp\/v2\/media?parent=89901"}],"wp:term":[{"taxonomy":"category","embeddable":true,"href":"https:\/\/www.uartes.edu.ec\/sitio\/wp-json\/wp\/v2\/categories?post=89901"},{"taxonomy":"post_tag","embeddable":true,"href":"https:\/\/www.uartes.edu.ec\/sitio\/wp-json\/wp\/v2\/tags?post=89901"},{"taxonomy":"infouartes","embeddable":true,"href":"https:\/\/www.uartes.edu.ec\/sitio\/wp-json\/wp\/v2\/infouartes?post=89901"}],"curies":[{"name":"wp","href":"https:\/\/api.w.org\/{rel}","templated":true}]}}