{"id":919,"date":"2017-10-30T14:49:23","date_gmt":"2017-10-30T19:49:23","guid":{"rendered":"http:\/\/www.uartes.edu.ec\/infouartes\/?p=919"},"modified":"2025-08-15T18:27:27","modified_gmt":"2025-08-15T23:27:27","slug":"comunas-de-manglaralto-en-santa-elena-recuperan-manifestaciones-ancestrales","status":"publish","type":"post","link":"https:\/\/www.uartes.edu.ec\/sitio\/blog\/2017\/10\/30\/comunas-de-manglaralto-en-santa-elena-recuperan-manifestaciones-ancestrales\/","title":{"rendered":"Comunas de Manglaralto en Santa Elena recuperan manifestaciones ancestrales"},"content":{"rendered":"<p>Marie Lager, docente de la UArtes, con el apoyo del Departamento de Vinculaci\u00f3n con la Comunidad, llev\u00f3 adelante el proyecto \u201cPintando Memoria\u201d en las comunas de Sitio Nuevo, Cadeate y Curia de la parroquia Manglaralto, Provincia de Santa Elena. El proyecto se realiz\u00f3 durante varios meses, enero a agosto de 2017, y cont\u00f3 con la colaboraci\u00f3n de los docentes Joaqu\u00edn Serrano, Carlos Vargas Ter\u00e1n y estudiantes de las carreras de Cine, Artes Visuales y Artes Musicales de la instituci\u00f3n.<\/p>\n<p>\u201cPintando Memoria\u201d tuvo como objetivo, desde un \u00e1ngulo art\u00edstico y antropol\u00f3gico, crear conciencia sobre el significado de \u201cancestralidad\u201d, conociendo de qu\u00e9 manera \u00e9ste se articula a la cotidianidad de las personas, mediante la relaci\u00f3n del pasado y memoria compartida, situaci\u00f3n actual y aspiraciones de futuro.<\/p>\n<p>Estas comunas por su devenir hist\u00f3rico, su contexto \u00e9tnico y cultural y transformaciones constantes, aportan a un an\u00e1lisis cr\u00edtico sobre estructuras pol\u00edticas, econ\u00f3micas y sociales dentro de un \u00e1mbito de poder. Los estudiante sensibilizaron su mirada y desarrollaron criterios propios que ayudan a la reflexi\u00f3n y el cuestionamiento sobre jerarqu\u00edas y desigualdades construidas que se evidencian en el presente.<\/p>\n<p>El proyecto de car\u00e1cter transdisciplinar se enfoc\u00f3 en el intercambio de experiencias y conocimientos en una interacci\u00f3n igualitaria, horizontal, para fortalecer y crear nuevos v\u00ednculos entre Comunidad y Universidad.<\/p>\n<p>Los estudiantes pudieron experimentar, de una manera te\u00f3rica-pr\u00e1ctica, los v\u00ednculos entre las realidades sociales y el arte, es decir, usar el arte como lenguaje para plasmar acontecimientos desde ejemplos emp\u00edricos, analizados de una manera reflexiva, cr\u00edtica y cient\u00edfica.<\/p>\n<p>La primera fase del proyecto consisti\u00f3 en un trabajo etnogr\u00e1fico: levantamiento de datos, entrevistas y observaciones a los participantes con la finalidad de acercarse y entender nuevas realidades. La segunda fase se concentr\u00f3 en la realizaci\u00f3n de obras art\u00edsticas, tres r\u00f3tulos de \u201cbienvenida\u201d cuiertos de mamb\u00fa y con cortes de madera que visibilizan conocimientos, saberes, tradiciones y manifestaciones culturales que representan su identidad como comuna \u00e9tnica-ancestral.<\/p>\n<p>Se cont\u00f3 con el apoyo\u00a0directo del artista-docente Joaqu\u00edn Serrano, quien convoc\u00f3 a los alumnos Cristina Tumbaco, Manuel Salda\u00f1a, Jeannella Montalvo, Gino Plaza, Daniela Buitr\u00f3n, Lorena Salinas y Adri\u00e1n Chora\u00a0de la Escuela de Artes Visuales para plasmar, desde la teor\u00eda, la imagen de\u00a0las obras que ser\u00edan expuestas, siendo este un trabajo en conjunto entre la comunidad, los estudiantes y los docentes involucrados.<\/p>\n<p>Las vallas de identificaci\u00f3n\u00a0del nombre y elementos antropol\u00f3gicos y culturales del sector\u00a0fueron colocados estrat\u00e9gicamente a manera de se\u00f1al\u00e9tica\u00a0en la entrada de las Comunas Sitio Nuevo, Cadeate y Cur\u00eda.\u00a0Se consider\u00f3 su elaboraci\u00f3n artesanal que, desde su manufactura y composici\u00f3n, resalten los valores identitarios de estas comunidades ancestrales. El dise\u00f1o t\u00e9cnico (a cargo de Serrano) dispuso el uso de ca\u00f1a Guadua, material propio de la zona, el uso de cortezas de madera de balsa y cade para el techado de los letreros.<\/p>\n<p><strong>Reconstruyendo memoria desde la Antropolog\u00eda y el Arte<\/strong><\/p>\n<p>Partiendo de estos antecedentes y conocimientos logrados en este proyecto piloto, Marie Lager, antrop\u00f3loga, inici\u00f3 un nuevo proceso denominado \u201cReconstruyendo memoria desde la Antropolog\u00eda y el Arte\u201d, en las comunas Valdivia, Libertador Bol\u00edvar, la Entrada y Monta\u00f1ita, en la Provincia de Santa Elena.<\/p>\n<p>En esta ocasi\u00f3n, se plantea desarrollar varias creaciones art\u00edsticas con el apoyo del artista-docente Marco Alvarado. Los estudiantes de la materia \u201cLaboratorio en Comunidad\u201d aportar\u00e1n desde sus conocimientos espec\u00edficos en artes para desarrollar propuestas de creaciones art\u00edsticas, fundamentadas en un pensamiento cr\u00edtico y los resultados obtenidos en campo.<\/p>\n<p>Esta propuesta inici\u00f3 el pasado 2 de octubre y se extender\u00e1 hasta el mes de febrero de 2018.<\/p>\n","protected":false},"excerpt":{"rendered":"<p>Marie Lager, docente de la UArtes, con el apoyo del Departamento de Vinculaci\u00f3n con la Comunidad, llev\u00f3 adelante el proyecto \u201cPintando Memoria\u201d en las comunas de Sitio Nuevo, Cadeate y Curia de la parroquia Manglaralto, provincia de Santa Elena. Lo desarroll\u00f3 de enero a agosto del presente a\u00f1o y cont\u00f3 con la colaboraci\u00f3n de los docentes Joaqu\u00edn Serrano y Carlos Vargas, y estudiantes de Cine, Artes Visuales y Artes Musicales.<\/p>\n","protected":false},"author":1,"featured_media":923,"comment_status":"closed","ping_status":"open","sticky":false,"template":"","format":"standard","meta":{"_acf_changed":false,"_uag_custom_page_level_css":"","_monsterinsights_skip_tracking":false,"_monsterinsights_sitenote_active":false,"_monsterinsights_sitenote_note":"","_monsterinsights_sitenote_category":0,"cybocfi_hide_featured_image":"","footnotes":""},"categories":[79],"tags":[],"infouartes":[],"class_list":["post-919","post","type-post","status-publish","format-standard","has-post-thumbnail","hentry","category-vinculo"],"acf":[],"yoast_head":"<!-- This site is optimized with the Yoast SEO plugin v27.4 - https:\/\/yoast.com\/product\/yoast-seo-wordpress\/ -->\n<title>Universidad de las Artes - Comunas de Manglaralto en Santa Elena recuperan manifestaciones ancestrales<\/title>\n<meta name=\"description\" content=\"Universidad de las Artes - Comunas de Manglaralto en Santa Elena recuperan manifestaciones ancestrales\" \/>\n<meta name=\"robots\" content=\"index, follow, max-snippet:-1, max-image-preview:large, max-video-preview:-1\" \/>\n<link rel=\"canonical\" href=\"https:\/\/www.uartes.edu.ec\/sitio\/blog\/2017\/10\/30\/comunas-de-manglaralto-en-santa-elena-recuperan-manifestaciones-ancestrales\/\" \/>\n<meta property=\"og:locale\" content=\"es_ES\" \/>\n<meta property=\"og:type\" content=\"article\" \/>\n<meta property=\"og:title\" content=\"Universidad de las Artes - Comunas de Manglaralto en Santa Elena recuperan manifestaciones ancestrales\" \/>\n<meta property=\"og:description\" content=\"Universidad de las Artes - Comunas de Manglaralto en Santa Elena recuperan manifestaciones ancestrales\" \/>\n<meta property=\"og:url\" content=\"https:\/\/www.uartes.edu.ec\/sitio\/blog\/2017\/10\/30\/comunas-de-manglaralto-en-santa-elena-recuperan-manifestaciones-ancestrales\/\" \/>\n<meta property=\"og:site_name\" content=\"Universidad de las Artes\" \/>\n<meta property=\"article:publisher\" content=\"https:\/\/www.facebook.com\/uartesec\" \/>\n<meta property=\"article:published_time\" content=\"2017-10-30T19:49:23+00:00\" \/>\n<meta property=\"article:modified_time\" content=\"2025-08-15T23:27:27+00:00\" \/>\n<meta name=\"author\" content=\"Universidad de las Artes\" \/>\n<meta name=\"twitter:card\" content=\"summary_large_image\" \/>\n<meta name=\"twitter:creator\" content=\"@uartesec\" \/>\n<meta name=\"twitter:site\" content=\"@uartesec\" \/>\n<meta name=\"twitter:label1\" content=\"Escrito por\" \/>\n\t<meta name=\"twitter:data1\" content=\"Universidad de las Artes\" \/>\n\t<meta name=\"twitter:label2\" content=\"Tiempo de lectura\" \/>\n\t<meta name=\"twitter:data2\" content=\"3 minutos\" \/>\n<script type=\"application\/ld+json\" class=\"yoast-schema-graph\">{\"@context\":\"https:\\\/\\\/schema.org\",\"@graph\":[{\"@type\":\"Article\",\"@id\":\"https:\\\/\\\/www.uartes.edu.ec\\\/sitio\\\/blog\\\/2017\\\/10\\\/30\\\/comunas-de-manglaralto-en-santa-elena-recuperan-manifestaciones-ancestrales\\\/#article\",\"isPartOf\":{\"@id\":\"https:\\\/\\\/www.uartes.edu.ec\\\/sitio\\\/blog\\\/2017\\\/10\\\/30\\\/comunas-de-manglaralto-en-santa-elena-recuperan-manifestaciones-ancestrales\\\/\"},\"author\":{\"name\":\"Universidad de las Artes\",\"@id\":\"https:\\\/\\\/www.uartes.edu.ec\\\/sitio\\\/#\\\/schema\\\/person\\\/f33f8c1d2af0d5c80a38c8abf458184a\"},\"headline\":\"Comunas de Manglaralto en Santa Elena recuperan manifestaciones ancestrales\",\"datePublished\":\"2017-10-30T19:49:23+00:00\",\"dateModified\":\"2025-08-15T23:27:27+00:00\",\"mainEntityOfPage\":{\"@id\":\"https:\\\/\\\/www.uartes.edu.ec\\\/sitio\\\/blog\\\/2017\\\/10\\\/30\\\/comunas-de-manglaralto-en-santa-elena-recuperan-manifestaciones-ancestrales\\\/\"},\"wordCount\":644,\"publisher\":{\"@id\":\"https:\\\/\\\/www.uartes.edu.ec\\\/sitio\\\/#organization\"},\"image\":{\"@id\":\"https:\\\/\\\/www.uartes.edu.ec\\\/sitio\\\/blog\\\/2017\\\/10\\\/30\\\/comunas-de-manglaralto-en-santa-elena-recuperan-manifestaciones-ancestrales\\\/#primaryimage\"},\"thumbnailUrl\":\"\",\"articleSection\":[\"V\u00ednculo\"],\"inLanguage\":\"es\"},{\"@type\":[\"WebPage\",\"ItemPage\"],\"@id\":\"https:\\\/\\\/www.uartes.edu.ec\\\/sitio\\\/blog\\\/2017\\\/10\\\/30\\\/comunas-de-manglaralto-en-santa-elena-recuperan-manifestaciones-ancestrales\\\/\",\"url\":\"https:\\\/\\\/www.uartes.edu.ec\\\/sitio\\\/blog\\\/2017\\\/10\\\/30\\\/comunas-de-manglaralto-en-santa-elena-recuperan-manifestaciones-ancestrales\\\/\",\"name\":\"Universidad de las Artes - Comunas de Manglaralto en Santa Elena recuperan manifestaciones ancestrales\",\"isPartOf\":{\"@id\":\"https:\\\/\\\/www.uartes.edu.ec\\\/sitio\\\/#website\"},\"primaryImageOfPage\":{\"@id\":\"https:\\\/\\\/www.uartes.edu.ec\\\/sitio\\\/blog\\\/2017\\\/10\\\/30\\\/comunas-de-manglaralto-en-santa-elena-recuperan-manifestaciones-ancestrales\\\/#primaryimage\"},\"image\":{\"@id\":\"https:\\\/\\\/www.uartes.edu.ec\\\/sitio\\\/blog\\\/2017\\\/10\\\/30\\\/comunas-de-manglaralto-en-santa-elena-recuperan-manifestaciones-ancestrales\\\/#primaryimage\"},\"thumbnailUrl\":\"\",\"datePublished\":\"2017-10-30T19:49:23+00:00\",\"dateModified\":\"2025-08-15T23:27:27+00:00\",\"description\":\"Universidad de las Artes - Comunas de Manglaralto en Santa Elena recuperan manifestaciones ancestrales\",\"breadcrumb\":{\"@id\":\"https:\\\/\\\/www.uartes.edu.ec\\\/sitio\\\/blog\\\/2017\\\/10\\\/30\\\/comunas-de-manglaralto-en-santa-elena-recuperan-manifestaciones-ancestrales\\\/#breadcrumb\"},\"inLanguage\":\"es\",\"potentialAction\":[{\"@type\":\"ReadAction\",\"target\":[\"https:\\\/\\\/www.uartes.edu.ec\\\/sitio\\\/blog\\\/2017\\\/10\\\/30\\\/comunas-de-manglaralto-en-santa-elena-recuperan-manifestaciones-ancestrales\\\/\"]}]},{\"@type\":\"ImageObject\",\"inLanguage\":\"es\",\"@id\":\"https:\\\/\\\/www.uartes.edu.ec\\\/sitio\\\/blog\\\/2017\\\/10\\\/30\\\/comunas-de-manglaralto-en-santa-elena-recuperan-manifestaciones-ancestrales\\\/#primaryimage\",\"url\":\"\",\"contentUrl\":\"\"},{\"@type\":\"BreadcrumbList\",\"@id\":\"https:\\\/\\\/www.uartes.edu.ec\\\/sitio\\\/blog\\\/2017\\\/10\\\/30\\\/comunas-de-manglaralto-en-santa-elena-recuperan-manifestaciones-ancestrales\\\/#breadcrumb\",\"itemListElement\":[{\"@type\":\"ListItem\",\"position\":1,\"name\":\"Inicio\",\"item\":\"https:\\\/\\\/www.uartes.edu.ec\\\/sitio\\\/\"},{\"@type\":\"ListItem\",\"position\":2,\"name\":\"Comunas de Manglaralto en Santa Elena recuperan manifestaciones ancestrales\"}]},{\"@type\":\"WebSite\",\"@id\":\"https:\\\/\\\/www.uartes.edu.ec\\\/sitio\\\/#website\",\"url\":\"https:\\\/\\\/www.uartes.edu.ec\\\/sitio\\\/\",\"name\":\"Universidad de las Artes\",\"description\":\"Sitio oficial de la Universidad Nacional de las Artes del Ecuador\",\"publisher\":{\"@id\":\"https:\\\/\\\/www.uartes.edu.ec\\\/sitio\\\/#organization\"},\"potentialAction\":[{\"@type\":\"SearchAction\",\"target\":{\"@type\":\"EntryPoint\",\"urlTemplate\":\"https:\\\/\\\/www.uartes.edu.ec\\\/sitio\\\/?s={search_term_string}\"},\"query-input\":{\"@type\":\"PropertyValueSpecification\",\"valueRequired\":true,\"valueName\":\"search_term_string\"}}],\"inLanguage\":\"es\"},{\"@type\":\"Organization\",\"@id\":\"https:\\\/\\\/www.uartes.edu.ec\\\/sitio\\\/#organization\",\"name\":\"Universidad de las Artes\",\"url\":\"https:\\\/\\\/www.uartes.edu.ec\\\/sitio\\\/\",\"logo\":{\"@type\":\"ImageObject\",\"inLanguage\":\"es\",\"@id\":\"https:\\\/\\\/www.uartes.edu.ec\\\/sitio\\\/#\\\/schema\\\/logo\\\/image\\\/\",\"url\":\"https:\\\/\\\/www.uartes.edu.ec\\\/sitio\\\/wp-content\\\/uploads\\\/2022\\\/07\\\/logo-ua-horizontal.png\",\"contentUrl\":\"https:\\\/\\\/www.uartes.edu.ec\\\/sitio\\\/wp-content\\\/uploads\\\/2022\\\/07\\\/logo-ua-horizontal.png\",\"width\":800,\"height\":276,\"caption\":\"Universidad de las Artes\"},\"image\":{\"@id\":\"https:\\\/\\\/www.uartes.edu.ec\\\/sitio\\\/#\\\/schema\\\/logo\\\/image\\\/\"},\"sameAs\":[\"https:\\\/\\\/www.facebook.com\\\/uartesec\",\"https:\\\/\\\/x.com\\\/uartesec\",\"https:\\\/\\\/www.tiktok.com\\\/@uartesec\"]},{\"@type\":\"Person\",\"@id\":\"https:\\\/\\\/www.uartes.edu.ec\\\/sitio\\\/#\\\/schema\\\/person\\\/f33f8c1d2af0d5c80a38c8abf458184a\",\"name\":\"Universidad de las Artes\",\"image\":{\"@type\":\"ImageObject\",\"inLanguage\":\"es\",\"@id\":\"https:\\\/\\\/secure.gravatar.com\\\/avatar\\\/52e4757902f5cfa5ac52d020e5be83cae5487519154b6c35482fe08d589f3c13?s=96&d=mm&r=g\",\"url\":\"https:\\\/\\\/secure.gravatar.com\\\/avatar\\\/52e4757902f5cfa5ac52d020e5be83cae5487519154b6c35482fe08d589f3c13?s=96&d=mm&r=g\",\"contentUrl\":\"https:\\\/\\\/secure.gravatar.com\\\/avatar\\\/52e4757902f5cfa5ac52d020e5be83cae5487519154b6c35482fe08d589f3c13?s=96&d=mm&r=g\",\"caption\":\"Universidad de las Artes\"},\"url\":\"https:\\\/\\\/www.uartes.edu.ec\\\/sitio\\\/blog\\\/author\\\/dircomadm\\\/\"}]}<\/script>\n<!-- \/ Yoast SEO plugin. -->","yoast_head_json":{"title":"Universidad de las Artes - Comunas de Manglaralto en Santa Elena recuperan manifestaciones ancestrales","description":"Universidad de las Artes - Comunas de Manglaralto en Santa Elena recuperan manifestaciones ancestrales","robots":{"index":"index","follow":"follow","max-snippet":"max-snippet:-1","max-image-preview":"max-image-preview:large","max-video-preview":"max-video-preview:-1"},"canonical":"https:\/\/www.uartes.edu.ec\/sitio\/blog\/2017\/10\/30\/comunas-de-manglaralto-en-santa-elena-recuperan-manifestaciones-ancestrales\/","og_locale":"es_ES","og_type":"article","og_title":"Universidad de las Artes - Comunas de Manglaralto en Santa Elena recuperan manifestaciones ancestrales","og_description":"Universidad de las Artes - Comunas de Manglaralto en Santa Elena recuperan manifestaciones ancestrales","og_url":"https:\/\/www.uartes.edu.ec\/sitio\/blog\/2017\/10\/30\/comunas-de-manglaralto-en-santa-elena-recuperan-manifestaciones-ancestrales\/","og_site_name":"Universidad de las Artes","article_publisher":"https:\/\/www.facebook.com\/uartesec","article_published_time":"2017-10-30T19:49:23+00:00","article_modified_time":"2025-08-15T23:27:27+00:00","author":"Universidad de las Artes","twitter_card":"summary_large_image","twitter_creator":"@uartesec","twitter_site":"@uartesec","twitter_misc":{"Escrito por":"Universidad de las Artes","Tiempo de lectura":"3 minutos"},"schema":{"@context":"https:\/\/schema.org","@graph":[{"@type":"Article","@id":"https:\/\/www.uartes.edu.ec\/sitio\/blog\/2017\/10\/30\/comunas-de-manglaralto-en-santa-elena-recuperan-manifestaciones-ancestrales\/#article","isPartOf":{"@id":"https:\/\/www.uartes.edu.ec\/sitio\/blog\/2017\/10\/30\/comunas-de-manglaralto-en-santa-elena-recuperan-manifestaciones-ancestrales\/"},"author":{"name":"Universidad de las Artes","@id":"https:\/\/www.uartes.edu.ec\/sitio\/#\/schema\/person\/f33f8c1d2af0d5c80a38c8abf458184a"},"headline":"Comunas de Manglaralto en Santa Elena recuperan manifestaciones ancestrales","datePublished":"2017-10-30T19:49:23+00:00","dateModified":"2025-08-15T23:27:27+00:00","mainEntityOfPage":{"@id":"https:\/\/www.uartes.edu.ec\/sitio\/blog\/2017\/10\/30\/comunas-de-manglaralto-en-santa-elena-recuperan-manifestaciones-ancestrales\/"},"wordCount":644,"publisher":{"@id":"https:\/\/www.uartes.edu.ec\/sitio\/#organization"},"image":{"@id":"https:\/\/www.uartes.edu.ec\/sitio\/blog\/2017\/10\/30\/comunas-de-manglaralto-en-santa-elena-recuperan-manifestaciones-ancestrales\/#primaryimage"},"thumbnailUrl":"","articleSection":["V\u00ednculo"],"inLanguage":"es"},{"@type":["WebPage","ItemPage"],"@id":"https:\/\/www.uartes.edu.ec\/sitio\/blog\/2017\/10\/30\/comunas-de-manglaralto-en-santa-elena-recuperan-manifestaciones-ancestrales\/","url":"https:\/\/www.uartes.edu.ec\/sitio\/blog\/2017\/10\/30\/comunas-de-manglaralto-en-santa-elena-recuperan-manifestaciones-ancestrales\/","name":"Universidad de las Artes - Comunas de Manglaralto en Santa Elena recuperan manifestaciones ancestrales","isPartOf":{"@id":"https:\/\/www.uartes.edu.ec\/sitio\/#website"},"primaryImageOfPage":{"@id":"https:\/\/www.uartes.edu.ec\/sitio\/blog\/2017\/10\/30\/comunas-de-manglaralto-en-santa-elena-recuperan-manifestaciones-ancestrales\/#primaryimage"},"image":{"@id":"https:\/\/www.uartes.edu.ec\/sitio\/blog\/2017\/10\/30\/comunas-de-manglaralto-en-santa-elena-recuperan-manifestaciones-ancestrales\/#primaryimage"},"thumbnailUrl":"","datePublished":"2017-10-30T19:49:23+00:00","dateModified":"2025-08-15T23:27:27+00:00","description":"Universidad de las Artes - Comunas de Manglaralto en Santa Elena recuperan manifestaciones ancestrales","breadcrumb":{"@id":"https:\/\/www.uartes.edu.ec\/sitio\/blog\/2017\/10\/30\/comunas-de-manglaralto-en-santa-elena-recuperan-manifestaciones-ancestrales\/#breadcrumb"},"inLanguage":"es","potentialAction":[{"@type":"ReadAction","target":["https:\/\/www.uartes.edu.ec\/sitio\/blog\/2017\/10\/30\/comunas-de-manglaralto-en-santa-elena-recuperan-manifestaciones-ancestrales\/"]}]},{"@type":"ImageObject","inLanguage":"es","@id":"https:\/\/www.uartes.edu.ec\/sitio\/blog\/2017\/10\/30\/comunas-de-manglaralto-en-santa-elena-recuperan-manifestaciones-ancestrales\/#primaryimage","url":"","contentUrl":""},{"@type":"BreadcrumbList","@id":"https:\/\/www.uartes.edu.ec\/sitio\/blog\/2017\/10\/30\/comunas-de-manglaralto-en-santa-elena-recuperan-manifestaciones-ancestrales\/#breadcrumb","itemListElement":[{"@type":"ListItem","position":1,"name":"Inicio","item":"https:\/\/www.uartes.edu.ec\/sitio\/"},{"@type":"ListItem","position":2,"name":"Comunas de Manglaralto en Santa Elena recuperan manifestaciones ancestrales"}]},{"@type":"WebSite","@id":"https:\/\/www.uartes.edu.ec\/sitio\/#website","url":"https:\/\/www.uartes.edu.ec\/sitio\/","name":"Universidad de las Artes","description":"Sitio oficial de la Universidad Nacional de las Artes del Ecuador","publisher":{"@id":"https:\/\/www.uartes.edu.ec\/sitio\/#organization"},"potentialAction":[{"@type":"SearchAction","target":{"@type":"EntryPoint","urlTemplate":"https:\/\/www.uartes.edu.ec\/sitio\/?s={search_term_string}"},"query-input":{"@type":"PropertyValueSpecification","valueRequired":true,"valueName":"search_term_string"}}],"inLanguage":"es"},{"@type":"Organization","@id":"https:\/\/www.uartes.edu.ec\/sitio\/#organization","name":"Universidad de las Artes","url":"https:\/\/www.uartes.edu.ec\/sitio\/","logo":{"@type":"ImageObject","inLanguage":"es","@id":"https:\/\/www.uartes.edu.ec\/sitio\/#\/schema\/logo\/image\/","url":"https:\/\/www.uartes.edu.ec\/sitio\/wp-content\/uploads\/2022\/07\/logo-ua-horizontal.png","contentUrl":"https:\/\/www.uartes.edu.ec\/sitio\/wp-content\/uploads\/2022\/07\/logo-ua-horizontal.png","width":800,"height":276,"caption":"Universidad de las Artes"},"image":{"@id":"https:\/\/www.uartes.edu.ec\/sitio\/#\/schema\/logo\/image\/"},"sameAs":["https:\/\/www.facebook.com\/uartesec","https:\/\/x.com\/uartesec","https:\/\/www.tiktok.com\/@uartesec"]},{"@type":"Person","@id":"https:\/\/www.uartes.edu.ec\/sitio\/#\/schema\/person\/f33f8c1d2af0d5c80a38c8abf458184a","name":"Universidad de las Artes","image":{"@type":"ImageObject","inLanguage":"es","@id":"https:\/\/secure.gravatar.com\/avatar\/52e4757902f5cfa5ac52d020e5be83cae5487519154b6c35482fe08d589f3c13?s=96&d=mm&r=g","url":"https:\/\/secure.gravatar.com\/avatar\/52e4757902f5cfa5ac52d020e5be83cae5487519154b6c35482fe08d589f3c13?s=96&d=mm&r=g","contentUrl":"https:\/\/secure.gravatar.com\/avatar\/52e4757902f5cfa5ac52d020e5be83cae5487519154b6c35482fe08d589f3c13?s=96&d=mm&r=g","caption":"Universidad de las Artes"},"url":"https:\/\/www.uartes.edu.ec\/sitio\/blog\/author\/dircomadm\/"}]}},"uagb_featured_image_src":{"full":false,"thumbnail":false,"medium":false,"medium_large":false,"large":false,"1536x1536":false,"2048x2048":false,"trp-custom-language-flag":false,"htmega_size_585x295":false,"htmega_size_1170x536":false,"htmega_size_396x360":false,"gb-block-post-grid-landscape":false,"gb-block-post-grid-square":false,"university-hub-thumb":false},"uagb_author_info":{"display_name":"Universidad de las Artes","author_link":"https:\/\/www.uartes.edu.ec\/sitio\/blog\/author\/dircomadm\/"},"uagb_comment_info":0,"uagb_excerpt":"Marie Lager, docente de la UArtes, con el apoyo del Departamento de Vinculaci\u00f3n con la Comunidad, llev\u00f3 adelante el proyecto \u201cPintando Memoria\u201d en las comunas de Sitio Nuevo, Cadeate y Curia de la parroquia Manglaralto, provincia de Santa Elena. Lo desarroll\u00f3 de enero a agosto del presente a\u00f1o y cont\u00f3 con la colaboraci\u00f3n de los&hellip;","featured_image_src":null,"featured_image_src_square":null,"author_info":{"display_name":"Universidad de las Artes","author_link":"https:\/\/www.uartes.edu.ec\/sitio\/blog\/author\/dircomadm\/"},"publishpress_future_workflow_manual_trigger":{"enabledWorkflows":[]},"distributor_meta":false,"distributor_terms":false,"distributor_media":false,"distributor_original_site_name":"Universidad de las Artes","distributor_original_site_url":"https:\/\/www.uartes.edu.ec\/sitio","push-errors":false,"_links":{"self":[{"href":"https:\/\/www.uartes.edu.ec\/sitio\/wp-json\/wp\/v2\/posts\/919","targetHints":{"allow":["GET"]}}],"collection":[{"href":"https:\/\/www.uartes.edu.ec\/sitio\/wp-json\/wp\/v2\/posts"}],"about":[{"href":"https:\/\/www.uartes.edu.ec\/sitio\/wp-json\/wp\/v2\/types\/post"}],"author":[{"embeddable":true,"href":"https:\/\/www.uartes.edu.ec\/sitio\/wp-json\/wp\/v2\/users\/1"}],"replies":[{"embeddable":true,"href":"https:\/\/www.uartes.edu.ec\/sitio\/wp-json\/wp\/v2\/comments?post=919"}],"version-history":[{"count":3,"href":"https:\/\/www.uartes.edu.ec\/sitio\/wp-json\/wp\/v2\/posts\/919\/revisions"}],"predecessor-version":[{"id":77279,"href":"https:\/\/www.uartes.edu.ec\/sitio\/wp-json\/wp\/v2\/posts\/919\/revisions\/77279"}],"wp:featuredmedia":[{"embeddable":true,"href":"https:\/\/www.uartes.edu.ec\/sitio\/wp-json\/"}],"wp:attachment":[{"href":"https:\/\/www.uartes.edu.ec\/sitio\/wp-json\/wp\/v2\/media?parent=919"}],"wp:term":[{"taxonomy":"category","embeddable":true,"href":"https:\/\/www.uartes.edu.ec\/sitio\/wp-json\/wp\/v2\/categories?post=919"},{"taxonomy":"post_tag","embeddable":true,"href":"https:\/\/www.uartes.edu.ec\/sitio\/wp-json\/wp\/v2\/tags?post=919"},{"taxonomy":"infouartes","embeddable":true,"href":"https:\/\/www.uartes.edu.ec\/sitio\/wp-json\/wp\/v2\/infouartes?post=919"}],"curies":[{"name":"wp","href":"https:\/\/api.w.org\/{rel}","templated":true}]}}