{"id":9767,"date":"2020-10-14T12:25:27","date_gmt":"2020-10-14T17:25:27","guid":{"rendered":"http:\/\/www.uartes.edu.ec\/sitio\/?p=9767"},"modified":"2024-07-04T11:34:35","modified_gmt":"2024-07-04T16:34:35","slug":"semana-cero-se-realizo-de-forma-digital","status":"publish","type":"post","link":"https:\/\/www.uartes.edu.ec\/sitio\/blog\/2020\/10\/14\/semana-cero-se-realizo-de-forma-digital\/","title":{"rendered":"Semana Cero se realiz\u00f3 de forma digital"},"content":{"rendered":"\n<p>La Direcci\u00f3n de Asuntos Estudiantiles y Comunidad Universitaria ha desarrollado del 05 al 08 de octubre una variada agenda con diferentes charlas dirigidas a distintos grupos de la comunidad universitaria de la UArtes para la Semana Cero. Esta semana representa el punto previo de partida para el comienzo de las actividades acad\u00e9micas y art\u00edsticas en la universidad.<\/p>\n\n\n\n<p>La jornada del d\u00eda lunes 5 de octubre fue destinada para estudiantes de los niveles de 6to a 8avo que quisieron conocer y disipar dudas en torno a los procesos de Pr\u00e1cticas Pre-profesionales y de V\u00ednculo con la Sociedad. &nbsp;Se cont\u00f3 con la intervenci\u00f3n del Director &nbsp;de Pr\u00e1cticas Pre-profesionales, Ernesto Mora, y de los coordinadores de cada una de las carreras, quienes tuvieron una importante interacci\u00f3n con la comunidad estudiantil. Adem\u00e1s, se presentaron los proyectos de V\u00ednculo con la Sociedad que se han desarrollado antes y despu\u00e9s de la pandemia. Se culmin\u00f3 la jornada con la intervenci\u00f3n del Secretario Acad\u00e9mico, William Herrera, quien present\u00f3 los procesos y requisitos para el ingreso a la unidad de titulaci\u00f3n.<\/p>\n\n\n\n<p>El d\u00eda martes 6 de octubre se cont\u00f3 con un p\u00fablico diverso debido a las tem\u00e1ticas planteadas, como la intervenci\u00f3n del m\u00e9dico General, el Dr. Willian Vargas, sobre la prevenci\u00f3n del consumo de alcohol, drogas y otras sustancias estupefacientes. Asimismo, se realiz\u00f3 la presentaci\u00f3n de la Mesa de G\u00e9nero a cargo de su representante, Natalia Marcos y la presentaci\u00f3n del C\u00f3digo de \u00c9tica por parte del Trabajador Social, Manuel Ayavaca. Se sum\u00f3 a esta jornada la Gerente de la Fundaci\u00f3n Amiguitos del Oc\u00e9ano, con la que se ha tenido una fuerte vinculaci\u00f3n desde el Club Ecol\u00f3gico UArtes. Se termin\u00f3 la jornada con la charla de procesos y solicitudes acad\u00e9micas a cargo de Mar\u00eda Jos\u00e9&nbsp;Bustos&nbsp;de Secretar\u00eda Acad\u00e9mica.<\/p>\n\n\n\n<p>En la jornada del mi\u00e9rcoles 7 de octubre se cont\u00f3 con la presentaci\u00f3n del equipo de la Direcci\u00f3n de Asuntos Estudiantiles y Comunidad Universitaria, esta charla esta dirigida hacia los nuevos alumnos de la Licenciatura de Pedagog\u00eda y Artes de la UNAE. Adicionalmente, se realiz\u00f3 la presentaci\u00f3n de los beneficios del uso del carn\u00e9 estudiantil y del seguro de vida y accidentes, con la presencia de un representante de la empresa aseguradora Hispana de Seguros. Se culmin\u00f3 la jornada con temas relacionados a la salud sexual y reproductiva por el Dr. Vargas y una introducci\u00f3n al lenguaje de se\u00f1as por parte de nuestro estudiante Jefferson Onofre y Ver\u00f3nica Orellana, de la Direcci\u00f3n de Asuntos Estudiantiles y Comunidad Universitaria.<\/p>\n\n\n\n<div class=\"wp-block-image is-style-default\"><figure class=\"aligncenter size-full\"><img fetchpriority=\"high\" decoding=\"async\" width=\"2000\" height=\"1333\" src=\"http:\/\/www.uartes.edu.ec\/sitio\/wp-content\/uploads\/2020\/10\/DIRECCION-DE-ASUNTOS-ESTUDIANTILES-2.jpg\" alt=\"\" class=\"wp-image-9769\" srcset=\"https:\/\/www.uartes.edu.ec\/sitio\/wp-content\/uploads\/2020\/10\/DIRECCION-DE-ASUNTOS-ESTUDIANTILES-2.jpg 2000w, https:\/\/www.uartes.edu.ec\/sitio\/wp-content\/uploads\/2020\/10\/DIRECCION-DE-ASUNTOS-ESTUDIANTILES-2-300x200.jpg 300w, https:\/\/www.uartes.edu.ec\/sitio\/wp-content\/uploads\/2020\/10\/DIRECCION-DE-ASUNTOS-ESTUDIANTILES-2-644x429.jpg 644w, https:\/\/www.uartes.edu.ec\/sitio\/wp-content\/uploads\/2020\/10\/DIRECCION-DE-ASUNTOS-ESTUDIANTILES-2-768x512.jpg 768w, https:\/\/www.uartes.edu.ec\/sitio\/wp-content\/uploads\/2020\/10\/DIRECCION-DE-ASUNTOS-ESTUDIANTILES-2-1536x1024.jpg 1536w, https:\/\/www.uartes.edu.ec\/sitio\/wp-content\/uploads\/2020\/10\/DIRECCION-DE-ASUNTOS-ESTUDIANTILES-2-600x400.jpg 600w, https:\/\/www.uartes.edu.ec\/sitio\/wp-content\/uploads\/2020\/10\/DIRECCION-DE-ASUNTOS-ESTUDIANTILES-2-400x267.jpg 400w, https:\/\/www.uartes.edu.ec\/sitio\/wp-content\/uploads\/2020\/10\/DIRECCION-DE-ASUNTOS-ESTUDIANTILES-2-272x182.jpg 272w\" sizes=\"(max-width: 2000px) 100vw, 2000px\" \/><\/figure><\/div>\n\n\n\n<p>Para dar por terminada la agenda de la Semana Cero del II Semestre 2020, el jueves 08 de octubre se cont\u00f3 con la intervenci\u00f3n de Sonia Rodr\u00edguez, la Coordinadora de CEPAM, intituci\u00f3n con la que la UArtes mantiene un Convenio de Cooperaci\u00f3n. Rodr\u00edguez inform\u00f3 a la comunidad sobre las medidas de prevenci\u00f3n de la violencia intrafamiliar y de g\u00e9nero. Angie Orejuela y Manuel Ayavaca, de la Direcci\u00f3n de Asuntos Estudiantiles y Comunidad Universitaria, presentar\u00f3n la nueva plataforma para la gesti\u00f3n del programa Becarte.&nbsp;Finalmente, el comunicador Yv\u00e1n Mend\u00edvez dialog\u00f3 con la comundad sobre las t\u00e9cnicas de habilidades blandas en equipos de trabajo.<\/p>\n\n\n\n<p>\u00a1La educaci\u00f3n p\u00fablica y de calidad en artes es un derecho!<\/p>\n","protected":false},"excerpt":{"rendered":"<p>La Direcci\u00f3n de Asuntos Estudiantiles y Comunidad Universitaria ha desarrollado del 05 al 08 de octubre una variada agenda con diferentes charlas dirigidas a distintos grupos de la comunidad universitaria de la UArtes para la Semana Cero. Esta semana representa el punto previo de partida para el comienzo de las actividades acad\u00e9micas y art\u00edsticas en la universidad.<\/p>\n","protected":false},"author":1,"featured_media":9770,"comment_status":"closed","ping_status":"closed","sticky":false,"template":"","format":"standard","meta":{"_acf_changed":false,"_uag_custom_page_level_css":"","_monsterinsights_skip_tracking":false,"_monsterinsights_sitenote_active":false,"_monsterinsights_sitenote_note":"","_monsterinsights_sitenote_category":0,"cybocfi_hide_featured_image":"","footnotes":""},"categories":[80,82,265,75,76],"tags":[211,111],"infouartes":[],"class_list":["post-9767","post","type-post","status-publish","format-standard","has-post-thumbnail","hentry","category-academico","category-artes","category-bienestar-universitario","category-docentes","category-estudiantes","tag-covid19","tag-semana-0"],"acf":[],"yoast_head":"<!-- This site is optimized with the Yoast SEO plugin v27.4 - https:\/\/yoast.com\/product\/yoast-seo-wordpress\/ -->\n<title>Universidad de las Artes - Semana Cero se realiz\u00f3 de forma digital<\/title>\n<meta name=\"description\" content=\"Universidad de las Artes - Semana Cero se realiz\u00f3 de forma digital\" \/>\n<meta name=\"robots\" content=\"index, follow, max-snippet:-1, max-image-preview:large, max-video-preview:-1\" \/>\n<link rel=\"canonical\" href=\"https:\/\/www.uartes.edu.ec\/sitio\/blog\/2020\/10\/14\/semana-cero-se-realizo-de-forma-digital\/\" \/>\n<meta property=\"og:locale\" content=\"es_ES\" \/>\n<meta property=\"og:type\" content=\"article\" \/>\n<meta property=\"og:title\" content=\"Universidad de las Artes - Semana Cero se realiz\u00f3 de forma digital\" \/>\n<meta property=\"og:description\" content=\"Universidad de las Artes - Semana Cero se realiz\u00f3 de forma digital\" \/>\n<meta property=\"og:url\" content=\"https:\/\/www.uartes.edu.ec\/sitio\/blog\/2020\/10\/14\/semana-cero-se-realizo-de-forma-digital\/\" \/>\n<meta property=\"og:site_name\" content=\"Universidad de las Artes\" \/>\n<meta property=\"article:publisher\" content=\"https:\/\/www.facebook.com\/uartesec\" \/>\n<meta property=\"article:published_time\" content=\"2020-10-14T17:25:27+00:00\" \/>\n<meta property=\"article:modified_time\" content=\"2024-07-04T16:34:35+00:00\" \/>\n<meta property=\"og:image\" content=\"https:\/\/www.uartes.edu.ec\/sitio\/wp-content\/uploads\/2020\/10\/DIRECCION-DE-ASUNTOS-ESTUDIANTILES.jpg\" \/>\n\t<meta property=\"og:image:width\" content=\"2000\" \/>\n\t<meta property=\"og:image:height\" content=\"1333\" \/>\n\t<meta property=\"og:image:type\" content=\"image\/jpeg\" \/>\n<meta name=\"author\" content=\"Universidad de las Artes\" \/>\n<meta name=\"twitter:card\" content=\"summary_large_image\" \/>\n<meta name=\"twitter:creator\" content=\"@uartesec\" \/>\n<meta name=\"twitter:site\" content=\"@uartesec\" \/>\n<meta name=\"twitter:label1\" content=\"Escrito por\" \/>\n\t<meta name=\"twitter:data1\" content=\"Universidad de las Artes\" \/>\n\t<meta name=\"twitter:label2\" content=\"Tiempo de lectura\" \/>\n\t<meta name=\"twitter:data2\" content=\"3 minutos\" \/>\n<script type=\"application\/ld+json\" class=\"yoast-schema-graph\">{\"@context\":\"https:\\\/\\\/schema.org\",\"@graph\":[{\"@type\":\"Article\",\"@id\":\"https:\\\/\\\/www.uartes.edu.ec\\\/sitio\\\/blog\\\/2020\\\/10\\\/14\\\/semana-cero-se-realizo-de-forma-digital\\\/#article\",\"isPartOf\":{\"@id\":\"https:\\\/\\\/www.uartes.edu.ec\\\/sitio\\\/blog\\\/2020\\\/10\\\/14\\\/semana-cero-se-realizo-de-forma-digital\\\/\"},\"author\":{\"name\":\"Universidad de las Artes\",\"@id\":\"https:\\\/\\\/www.uartes.edu.ec\\\/sitio\\\/#\\\/schema\\\/person\\\/f33f8c1d2af0d5c80a38c8abf458184a\"},\"headline\":\"Semana Cero se realiz\u00f3 de forma digital\",\"datePublished\":\"2020-10-14T17:25:27+00:00\",\"dateModified\":\"2024-07-04T16:34:35+00:00\",\"mainEntityOfPage\":{\"@id\":\"https:\\\/\\\/www.uartes.edu.ec\\\/sitio\\\/blog\\\/2020\\\/10\\\/14\\\/semana-cero-se-realizo-de-forma-digital\\\/\"},\"wordCount\":584,\"publisher\":{\"@id\":\"https:\\\/\\\/www.uartes.edu.ec\\\/sitio\\\/#organization\"},\"image\":{\"@id\":\"https:\\\/\\\/www.uartes.edu.ec\\\/sitio\\\/blog\\\/2020\\\/10\\\/14\\\/semana-cero-se-realizo-de-forma-digital\\\/#primaryimage\"},\"thumbnailUrl\":\"https:\\\/\\\/www.uartes.edu.ec\\\/sitio\\\/wp-content\\\/uploads\\\/2020\\\/10\\\/DIRECCION-DE-ASUNTOS-ESTUDIANTILES.jpg\",\"keywords\":[\"covid19\",\"semana 0\"],\"articleSection\":[\"Acad\u00e9mico\",\"Artes\",\"Bienestar Universitario\",\"Docentes\",\"Estudiantes\"],\"inLanguage\":\"es\"},{\"@type\":[\"WebPage\",\"ItemPage\"],\"@id\":\"https:\\\/\\\/www.uartes.edu.ec\\\/sitio\\\/blog\\\/2020\\\/10\\\/14\\\/semana-cero-se-realizo-de-forma-digital\\\/\",\"url\":\"https:\\\/\\\/www.uartes.edu.ec\\\/sitio\\\/blog\\\/2020\\\/10\\\/14\\\/semana-cero-se-realizo-de-forma-digital\\\/\",\"name\":\"Universidad de las Artes - Semana Cero se realiz\u00f3 de forma digital\",\"isPartOf\":{\"@id\":\"https:\\\/\\\/www.uartes.edu.ec\\\/sitio\\\/#website\"},\"primaryImageOfPage\":{\"@id\":\"https:\\\/\\\/www.uartes.edu.ec\\\/sitio\\\/blog\\\/2020\\\/10\\\/14\\\/semana-cero-se-realizo-de-forma-digital\\\/#primaryimage\"},\"image\":{\"@id\":\"https:\\\/\\\/www.uartes.edu.ec\\\/sitio\\\/blog\\\/2020\\\/10\\\/14\\\/semana-cero-se-realizo-de-forma-digital\\\/#primaryimage\"},\"thumbnailUrl\":\"https:\\\/\\\/www.uartes.edu.ec\\\/sitio\\\/wp-content\\\/uploads\\\/2020\\\/10\\\/DIRECCION-DE-ASUNTOS-ESTUDIANTILES.jpg\",\"datePublished\":\"2020-10-14T17:25:27+00:00\",\"dateModified\":\"2024-07-04T16:34:35+00:00\",\"description\":\"Universidad de las Artes - Semana Cero se realiz\u00f3 de forma digital\",\"breadcrumb\":{\"@id\":\"https:\\\/\\\/www.uartes.edu.ec\\\/sitio\\\/blog\\\/2020\\\/10\\\/14\\\/semana-cero-se-realizo-de-forma-digital\\\/#breadcrumb\"},\"inLanguage\":\"es\",\"potentialAction\":[{\"@type\":\"ReadAction\",\"target\":[\"https:\\\/\\\/www.uartes.edu.ec\\\/sitio\\\/blog\\\/2020\\\/10\\\/14\\\/semana-cero-se-realizo-de-forma-digital\\\/\"]}]},{\"@type\":\"ImageObject\",\"inLanguage\":\"es\",\"@id\":\"https:\\\/\\\/www.uartes.edu.ec\\\/sitio\\\/blog\\\/2020\\\/10\\\/14\\\/semana-cero-se-realizo-de-forma-digital\\\/#primaryimage\",\"url\":\"https:\\\/\\\/www.uartes.edu.ec\\\/sitio\\\/wp-content\\\/uploads\\\/2020\\\/10\\\/DIRECCION-DE-ASUNTOS-ESTUDIANTILES.jpg\",\"contentUrl\":\"https:\\\/\\\/www.uartes.edu.ec\\\/sitio\\\/wp-content\\\/uploads\\\/2020\\\/10\\\/DIRECCION-DE-ASUNTOS-ESTUDIANTILES.jpg\",\"width\":2000,\"height\":1333},{\"@type\":\"BreadcrumbList\",\"@id\":\"https:\\\/\\\/www.uartes.edu.ec\\\/sitio\\\/blog\\\/2020\\\/10\\\/14\\\/semana-cero-se-realizo-de-forma-digital\\\/#breadcrumb\",\"itemListElement\":[{\"@type\":\"ListItem\",\"position\":1,\"name\":\"Inicio\",\"item\":\"https:\\\/\\\/www.uartes.edu.ec\\\/sitio\\\/\"},{\"@type\":\"ListItem\",\"position\":2,\"name\":\"Semana Cero se realiz\u00f3 de forma digital\"}]},{\"@type\":\"WebSite\",\"@id\":\"https:\\\/\\\/www.uartes.edu.ec\\\/sitio\\\/#website\",\"url\":\"https:\\\/\\\/www.uartes.edu.ec\\\/sitio\\\/\",\"name\":\"Universidad de las Artes\",\"description\":\"Sitio oficial de la Universidad Nacional de las Artes del Ecuador\",\"publisher\":{\"@id\":\"https:\\\/\\\/www.uartes.edu.ec\\\/sitio\\\/#organization\"},\"potentialAction\":[{\"@type\":\"SearchAction\",\"target\":{\"@type\":\"EntryPoint\",\"urlTemplate\":\"https:\\\/\\\/www.uartes.edu.ec\\\/sitio\\\/?s={search_term_string}\"},\"query-input\":{\"@type\":\"PropertyValueSpecification\",\"valueRequired\":true,\"valueName\":\"search_term_string\"}}],\"inLanguage\":\"es\"},{\"@type\":\"Organization\",\"@id\":\"https:\\\/\\\/www.uartes.edu.ec\\\/sitio\\\/#organization\",\"name\":\"Universidad de las Artes\",\"url\":\"https:\\\/\\\/www.uartes.edu.ec\\\/sitio\\\/\",\"logo\":{\"@type\":\"ImageObject\",\"inLanguage\":\"es\",\"@id\":\"https:\\\/\\\/www.uartes.edu.ec\\\/sitio\\\/#\\\/schema\\\/logo\\\/image\\\/\",\"url\":\"https:\\\/\\\/www.uartes.edu.ec\\\/sitio\\\/wp-content\\\/uploads\\\/2022\\\/07\\\/logo-ua-horizontal.png\",\"contentUrl\":\"https:\\\/\\\/www.uartes.edu.ec\\\/sitio\\\/wp-content\\\/uploads\\\/2022\\\/07\\\/logo-ua-horizontal.png\",\"width\":800,\"height\":276,\"caption\":\"Universidad de las Artes\"},\"image\":{\"@id\":\"https:\\\/\\\/www.uartes.edu.ec\\\/sitio\\\/#\\\/schema\\\/logo\\\/image\\\/\"},\"sameAs\":[\"https:\\\/\\\/www.facebook.com\\\/uartesec\",\"https:\\\/\\\/x.com\\\/uartesec\",\"https:\\\/\\\/www.tiktok.com\\\/@uartesec\"]},{\"@type\":\"Person\",\"@id\":\"https:\\\/\\\/www.uartes.edu.ec\\\/sitio\\\/#\\\/schema\\\/person\\\/f33f8c1d2af0d5c80a38c8abf458184a\",\"name\":\"Universidad de las Artes\",\"image\":{\"@type\":\"ImageObject\",\"inLanguage\":\"es\",\"@id\":\"https:\\\/\\\/secure.gravatar.com\\\/avatar\\\/52e4757902f5cfa5ac52d020e5be83cae5487519154b6c35482fe08d589f3c13?s=96&d=mm&r=g\",\"url\":\"https:\\\/\\\/secure.gravatar.com\\\/avatar\\\/52e4757902f5cfa5ac52d020e5be83cae5487519154b6c35482fe08d589f3c13?s=96&d=mm&r=g\",\"contentUrl\":\"https:\\\/\\\/secure.gravatar.com\\\/avatar\\\/52e4757902f5cfa5ac52d020e5be83cae5487519154b6c35482fe08d589f3c13?s=96&d=mm&r=g\",\"caption\":\"Universidad de las Artes\"},\"url\":\"https:\\\/\\\/www.uartes.edu.ec\\\/sitio\\\/blog\\\/author\\\/dircomadm\\\/\"}]}<\/script>\n<!-- \/ Yoast SEO plugin. -->","yoast_head_json":{"title":"Universidad de las Artes - Semana Cero se realiz\u00f3 de forma digital","description":"Universidad de las Artes - Semana Cero se realiz\u00f3 de forma digital","robots":{"index":"index","follow":"follow","max-snippet":"max-snippet:-1","max-image-preview":"max-image-preview:large","max-video-preview":"max-video-preview:-1"},"canonical":"https:\/\/www.uartes.edu.ec\/sitio\/blog\/2020\/10\/14\/semana-cero-se-realizo-de-forma-digital\/","og_locale":"es_ES","og_type":"article","og_title":"Universidad de las Artes - Semana Cero se realiz\u00f3 de forma digital","og_description":"Universidad de las Artes - Semana Cero se realiz\u00f3 de forma digital","og_url":"https:\/\/www.uartes.edu.ec\/sitio\/blog\/2020\/10\/14\/semana-cero-se-realizo-de-forma-digital\/","og_site_name":"Universidad de las Artes","article_publisher":"https:\/\/www.facebook.com\/uartesec","article_published_time":"2020-10-14T17:25:27+00:00","article_modified_time":"2024-07-04T16:34:35+00:00","og_image":[{"width":2000,"height":1333,"url":"https:\/\/www.uartes.edu.ec\/sitio\/wp-content\/uploads\/2020\/10\/DIRECCION-DE-ASUNTOS-ESTUDIANTILES.jpg","type":"image\/jpeg"}],"author":"Universidad de las Artes","twitter_card":"summary_large_image","twitter_creator":"@uartesec","twitter_site":"@uartesec","twitter_misc":{"Escrito por":"Universidad de las Artes","Tiempo de lectura":"3 minutos"},"schema":{"@context":"https:\/\/schema.org","@graph":[{"@type":"Article","@id":"https:\/\/www.uartes.edu.ec\/sitio\/blog\/2020\/10\/14\/semana-cero-se-realizo-de-forma-digital\/#article","isPartOf":{"@id":"https:\/\/www.uartes.edu.ec\/sitio\/blog\/2020\/10\/14\/semana-cero-se-realizo-de-forma-digital\/"},"author":{"name":"Universidad de las Artes","@id":"https:\/\/www.uartes.edu.ec\/sitio\/#\/schema\/person\/f33f8c1d2af0d5c80a38c8abf458184a"},"headline":"Semana Cero se realiz\u00f3 de forma digital","datePublished":"2020-10-14T17:25:27+00:00","dateModified":"2024-07-04T16:34:35+00:00","mainEntityOfPage":{"@id":"https:\/\/www.uartes.edu.ec\/sitio\/blog\/2020\/10\/14\/semana-cero-se-realizo-de-forma-digital\/"},"wordCount":584,"publisher":{"@id":"https:\/\/www.uartes.edu.ec\/sitio\/#organization"},"image":{"@id":"https:\/\/www.uartes.edu.ec\/sitio\/blog\/2020\/10\/14\/semana-cero-se-realizo-de-forma-digital\/#primaryimage"},"thumbnailUrl":"https:\/\/www.uartes.edu.ec\/sitio\/wp-content\/uploads\/2020\/10\/DIRECCION-DE-ASUNTOS-ESTUDIANTILES.jpg","keywords":["covid19","semana 0"],"articleSection":["Acad\u00e9mico","Artes","Bienestar Universitario","Docentes","Estudiantes"],"inLanguage":"es"},{"@type":["WebPage","ItemPage"],"@id":"https:\/\/www.uartes.edu.ec\/sitio\/blog\/2020\/10\/14\/semana-cero-se-realizo-de-forma-digital\/","url":"https:\/\/www.uartes.edu.ec\/sitio\/blog\/2020\/10\/14\/semana-cero-se-realizo-de-forma-digital\/","name":"Universidad de las Artes - Semana Cero se realiz\u00f3 de forma digital","isPartOf":{"@id":"https:\/\/www.uartes.edu.ec\/sitio\/#website"},"primaryImageOfPage":{"@id":"https:\/\/www.uartes.edu.ec\/sitio\/blog\/2020\/10\/14\/semana-cero-se-realizo-de-forma-digital\/#primaryimage"},"image":{"@id":"https:\/\/www.uartes.edu.ec\/sitio\/blog\/2020\/10\/14\/semana-cero-se-realizo-de-forma-digital\/#primaryimage"},"thumbnailUrl":"https:\/\/www.uartes.edu.ec\/sitio\/wp-content\/uploads\/2020\/10\/DIRECCION-DE-ASUNTOS-ESTUDIANTILES.jpg","datePublished":"2020-10-14T17:25:27+00:00","dateModified":"2024-07-04T16:34:35+00:00","description":"Universidad de las Artes - Semana Cero se realiz\u00f3 de forma digital","breadcrumb":{"@id":"https:\/\/www.uartes.edu.ec\/sitio\/blog\/2020\/10\/14\/semana-cero-se-realizo-de-forma-digital\/#breadcrumb"},"inLanguage":"es","potentialAction":[{"@type":"ReadAction","target":["https:\/\/www.uartes.edu.ec\/sitio\/blog\/2020\/10\/14\/semana-cero-se-realizo-de-forma-digital\/"]}]},{"@type":"ImageObject","inLanguage":"es","@id":"https:\/\/www.uartes.edu.ec\/sitio\/blog\/2020\/10\/14\/semana-cero-se-realizo-de-forma-digital\/#primaryimage","url":"https:\/\/www.uartes.edu.ec\/sitio\/wp-content\/uploads\/2020\/10\/DIRECCION-DE-ASUNTOS-ESTUDIANTILES.jpg","contentUrl":"https:\/\/www.uartes.edu.ec\/sitio\/wp-content\/uploads\/2020\/10\/DIRECCION-DE-ASUNTOS-ESTUDIANTILES.jpg","width":2000,"height":1333},{"@type":"BreadcrumbList","@id":"https:\/\/www.uartes.edu.ec\/sitio\/blog\/2020\/10\/14\/semana-cero-se-realizo-de-forma-digital\/#breadcrumb","itemListElement":[{"@type":"ListItem","position":1,"name":"Inicio","item":"https:\/\/www.uartes.edu.ec\/sitio\/"},{"@type":"ListItem","position":2,"name":"Semana Cero se realiz\u00f3 de forma digital"}]},{"@type":"WebSite","@id":"https:\/\/www.uartes.edu.ec\/sitio\/#website","url":"https:\/\/www.uartes.edu.ec\/sitio\/","name":"Universidad de las Artes","description":"Sitio oficial de la Universidad Nacional de las Artes del Ecuador","publisher":{"@id":"https:\/\/www.uartes.edu.ec\/sitio\/#organization"},"potentialAction":[{"@type":"SearchAction","target":{"@type":"EntryPoint","urlTemplate":"https:\/\/www.uartes.edu.ec\/sitio\/?s={search_term_string}"},"query-input":{"@type":"PropertyValueSpecification","valueRequired":true,"valueName":"search_term_string"}}],"inLanguage":"es"},{"@type":"Organization","@id":"https:\/\/www.uartes.edu.ec\/sitio\/#organization","name":"Universidad de las Artes","url":"https:\/\/www.uartes.edu.ec\/sitio\/","logo":{"@type":"ImageObject","inLanguage":"es","@id":"https:\/\/www.uartes.edu.ec\/sitio\/#\/schema\/logo\/image\/","url":"https:\/\/www.uartes.edu.ec\/sitio\/wp-content\/uploads\/2022\/07\/logo-ua-horizontal.png","contentUrl":"https:\/\/www.uartes.edu.ec\/sitio\/wp-content\/uploads\/2022\/07\/logo-ua-horizontal.png","width":800,"height":276,"caption":"Universidad de las Artes"},"image":{"@id":"https:\/\/www.uartes.edu.ec\/sitio\/#\/schema\/logo\/image\/"},"sameAs":["https:\/\/www.facebook.com\/uartesec","https:\/\/x.com\/uartesec","https:\/\/www.tiktok.com\/@uartesec"]},{"@type":"Person","@id":"https:\/\/www.uartes.edu.ec\/sitio\/#\/schema\/person\/f33f8c1d2af0d5c80a38c8abf458184a","name":"Universidad de las Artes","image":{"@type":"ImageObject","inLanguage":"es","@id":"https:\/\/secure.gravatar.com\/avatar\/52e4757902f5cfa5ac52d020e5be83cae5487519154b6c35482fe08d589f3c13?s=96&d=mm&r=g","url":"https:\/\/secure.gravatar.com\/avatar\/52e4757902f5cfa5ac52d020e5be83cae5487519154b6c35482fe08d589f3c13?s=96&d=mm&r=g","contentUrl":"https:\/\/secure.gravatar.com\/avatar\/52e4757902f5cfa5ac52d020e5be83cae5487519154b6c35482fe08d589f3c13?s=96&d=mm&r=g","caption":"Universidad de las Artes"},"url":"https:\/\/www.uartes.edu.ec\/sitio\/blog\/author\/dircomadm\/"}]}},"uagb_featured_image_src":{"full":["https:\/\/www.uartes.edu.ec\/sitio\/wp-content\/uploads\/2020\/10\/DIRECCION-DE-ASUNTOS-ESTUDIANTILES.jpg",2000,1333,false],"thumbnail":["https:\/\/www.uartes.edu.ec\/sitio\/wp-content\/uploads\/2020\/10\/DIRECCION-DE-ASUNTOS-ESTUDIANTILES-150x150.jpg",150,150,true],"medium":["https:\/\/www.uartes.edu.ec\/sitio\/wp-content\/uploads\/2020\/10\/DIRECCION-DE-ASUNTOS-ESTUDIANTILES-300x200.jpg",300,200,true],"medium_large":["https:\/\/www.uartes.edu.ec\/sitio\/wp-content\/uploads\/2020\/10\/DIRECCION-DE-ASUNTOS-ESTUDIANTILES-768x512.jpg",768,512,true],"large":["https:\/\/www.uartes.edu.ec\/sitio\/wp-content\/uploads\/2020\/10\/DIRECCION-DE-ASUNTOS-ESTUDIANTILES-644x429.jpg",644,429,true],"1536x1536":["https:\/\/www.uartes.edu.ec\/sitio\/wp-content\/uploads\/2020\/10\/DIRECCION-DE-ASUNTOS-ESTUDIANTILES-1536x1024.jpg",1536,1024,true],"2048x2048":["https:\/\/www.uartes.edu.ec\/sitio\/wp-content\/uploads\/2020\/10\/DIRECCION-DE-ASUNTOS-ESTUDIANTILES.jpg",2000,1333,false],"trp-custom-language-flag":["https:\/\/www.uartes.edu.ec\/sitio\/wp-content\/uploads\/2020\/10\/DIRECCION-DE-ASUNTOS-ESTUDIANTILES.jpg",18,12,false],"htmega_size_585x295":["https:\/\/www.uartes.edu.ec\/sitio\/wp-content\/uploads\/2020\/10\/DIRECCION-DE-ASUNTOS-ESTUDIANTILES-585x295.jpg",585,295,true],"htmega_size_1170x536":["https:\/\/www.uartes.edu.ec\/sitio\/wp-content\/uploads\/2020\/10\/DIRECCION-DE-ASUNTOS-ESTUDIANTILES-1170x536.jpg",1170,536,true],"htmega_size_396x360":["https:\/\/www.uartes.edu.ec\/sitio\/wp-content\/uploads\/2020\/10\/DIRECCION-DE-ASUNTOS-ESTUDIANTILES-396x360.jpg",396,360,true],"gb-block-post-grid-landscape":["https:\/\/www.uartes.edu.ec\/sitio\/wp-content\/uploads\/2020\/10\/DIRECCION-DE-ASUNTOS-ESTUDIANTILES.jpg",600,400,false],"gb-block-post-grid-square":["https:\/\/www.uartes.edu.ec\/sitio\/wp-content\/uploads\/2020\/10\/DIRECCION-DE-ASUNTOS-ESTUDIANTILES.jpg",600,400,false],"university-hub-thumb":["https:\/\/www.uartes.edu.ec\/sitio\/wp-content\/uploads\/2020\/10\/DIRECCION-DE-ASUNTOS-ESTUDIANTILES-400x267.jpg",400,267,true],"mailpoet_newsletter_max":["https:\/\/www.uartes.edu.ec\/sitio\/wp-content\/uploads\/2020\/10\/DIRECCION-DE-ASUNTOS-ESTUDIANTILES.jpg",1320,880,false]},"uagb_author_info":{"display_name":"Universidad de las Artes","author_link":"https:\/\/www.uartes.edu.ec\/sitio\/blog\/author\/dircomadm\/"},"uagb_comment_info":0,"uagb_excerpt":"La Direcci\u00f3n de Asuntos Estudiantiles y Comunidad Universitaria ha desarrollado del 05 al 08 de octubre una variada agenda con diferentes charlas dirigidas a distintos grupos de la comunidad universitaria de la UArtes para la Semana Cero. Esta semana representa el punto previo de partida para el comienzo de las actividades acad\u00e9micas y art\u00edsticas en&hellip;","featured_image_src":"https:\/\/www.uartes.edu.ec\/sitio\/wp-content\/uploads\/2020\/10\/DIRECCION-DE-ASUNTOS-ESTUDIANTILES.jpg","featured_image_src_square":"https:\/\/www.uartes.edu.ec\/sitio\/wp-content\/uploads\/2020\/10\/DIRECCION-DE-ASUNTOS-ESTUDIANTILES.jpg","author_info":{"display_name":"Universidad de las Artes","author_link":"https:\/\/www.uartes.edu.ec\/sitio\/blog\/author\/dircomadm\/"},"publishpress_future_workflow_manual_trigger":{"enabledWorkflows":[]},"distributor_meta":false,"distributor_terms":false,"distributor_media":false,"distributor_original_site_name":"Universidad de las Artes","distributor_original_site_url":"https:\/\/www.uartes.edu.ec\/sitio","push-errors":false,"_links":{"self":[{"href":"https:\/\/www.uartes.edu.ec\/sitio\/wp-json\/wp\/v2\/posts\/9767","targetHints":{"allow":["GET"]}}],"collection":[{"href":"https:\/\/www.uartes.edu.ec\/sitio\/wp-json\/wp\/v2\/posts"}],"about":[{"href":"https:\/\/www.uartes.edu.ec\/sitio\/wp-json\/wp\/v2\/types\/post"}],"author":[{"embeddable":true,"href":"https:\/\/www.uartes.edu.ec\/sitio\/wp-json\/wp\/v2\/users\/1"}],"replies":[{"embeddable":true,"href":"https:\/\/www.uartes.edu.ec\/sitio\/wp-json\/wp\/v2\/comments?post=9767"}],"version-history":[{"count":2,"href":"https:\/\/www.uartes.edu.ec\/sitio\/wp-json\/wp\/v2\/posts\/9767\/revisions"}],"predecessor-version":[{"id":57559,"href":"https:\/\/www.uartes.edu.ec\/sitio\/wp-json\/wp\/v2\/posts\/9767\/revisions\/57559"}],"wp:featuredmedia":[{"embeddable":true,"href":"https:\/\/www.uartes.edu.ec\/sitio\/wp-json\/wp\/v2\/media\/9770"}],"wp:attachment":[{"href":"https:\/\/www.uartes.edu.ec\/sitio\/wp-json\/wp\/v2\/media?parent=9767"}],"wp:term":[{"taxonomy":"category","embeddable":true,"href":"https:\/\/www.uartes.edu.ec\/sitio\/wp-json\/wp\/v2\/categories?post=9767"},{"taxonomy":"post_tag","embeddable":true,"href":"https:\/\/www.uartes.edu.ec\/sitio\/wp-json\/wp\/v2\/tags?post=9767"},{"taxonomy":"infouartes","embeddable":true,"href":"https:\/\/www.uartes.edu.ec\/sitio\/wp-json\/wp\/v2\/infouartes?post=9767"}],"curies":[{"name":"wp","href":"https:\/\/api.w.org\/{rel}","templated":true}]}}